{"id":1794,"date":"2026-08-06T11:10:16","date_gmt":"2026-08-06T10:10:16","guid":{"rendered":"https:\/\/nublo.tv\/?p=1794"},"modified":"2026-08-06T11:10:16","modified_gmt":"2026-08-06T10:10:16","slug":"el-cabildo-de-gran-canaria-recupera-el-bancal-tradicional-de-los-lavaderos-de-artenara-tras-el-derrumbe-parcial-causado-por-la-borrasca-therese","status":"publish","type":"post","link":"https:\/\/nublo.tv\/index.php\/2026\/08\/06\/el-cabildo-de-gran-canaria-recupera-el-bancal-tradicional-de-los-lavaderos-de-artenara-tras-el-derrumbe-parcial-causado-por-la-borrasca-therese\/","title":{"rendered":"El Cabildo de Gran Canaria recupera el bancal tradicional de Los Lavaderos de Artenara tras el derrumbe parcial causado por la borrasca \u2018Therese\u2019"},"content":{"rendered":"<p>&lt;!&#8211;<br \/>\n \/* Font Definitions *\/<br \/>\n @font-face<br \/>\n\t{font-family:&quot;Cambria Math&quot;;<br \/>\n\tpanose-1:2 4 5 3 5 4 6 3 2 4;<br \/>\n\tmso-font-charset:1;<br \/>\n\tmso-generic-font-family:roman;<br \/>\n\tmso-font-pitch:variable;<br \/>\n\tmso-font-signature:0 0 0 0 0 0;}<br \/>\n@font-face<br \/>\n\t{font-family:Calibri;<br \/>\n\tpanose-1:2 15 5 2 2 2 4 3 2 4;<br \/>\n\tmso-font-charset:0;<br \/>\n\tmso-generic-font-family:swiss;<br \/>\n\tmso-font-pitch:variable;<br \/>\n\tmso-font-signature:-469750017 -1073732485 9 0 511 0;}<br \/>\n \/* Style Definitions *\/<br \/>\n p.MsoNormal, li.MsoNormal, div.MsoNormal<br \/>\n\t{mso-style-unhide:no;<br \/>\n\tmso-style-qformat:yes;<br \/>\n\tmso-style-parent:&quot;&quot;;<br \/>\n\tmargin-top:0cm;<br \/>\n\tmargin-right:0cm;<br \/>\n\tmargin-bottom:8.0pt;<br \/>\n\tmargin-left:0cm;<br \/>\n\tline-height:107%;<br \/>\n\tmso-pagination:widow-orphan;<br \/>\n\tfont-size:11.0pt;<br \/>\n\tfont-family:&quot;Calibri&quot;,sans-serif;<br \/>\n\tmso-ascii-font-family:Calibri;<br \/>\n\tmso-ascii-theme-font:minor-latin;<br \/>\n\tmso-fareast-font-family:&quot;Times New Roman&quot;;<br \/>\n\tmso-fareast-theme-font:minor-fareast;<br \/>\n\tmso-hansi-font-family:Calibri;<br \/>\n\tmso-hansi-theme-font:minor-latin;<br \/>\n\tmso-bidi-font-family:&quot;Times New Roman&quot;;<br \/>\n\tmso-bidi-theme-font:minor-bidi;}<br \/>\np.MsoHeader, li.MsoHeader, div.MsoHeader<br \/>\n\t{mso-style-priority:99;<br \/>\n\tmso-style-link:&quot;Encabezado Car&quot;;<br \/>\n\tmargin:0cm;<br \/>\n\tmargin-bottom:.0001pt;<br \/>\n\tmso-pagination:widow-orphan;<br \/>\n\ttab-stops:center 212.6pt right 425.2pt;<br \/>\n\tfont-size:11.0pt;<br \/>\n\tfont-family:&quot;Calibri&quot;,sans-serif;<br \/>\n\tmso-ascii-font-family:Calibri;<br \/>\n\tmso-ascii-theme-font:minor-latin;<br \/>\n\tmso-fareast-font-family:&quot;Times New Roman&quot;;<br \/>\n\tmso-fareast-theme-font:minor-fareast;<br \/>\n\tmso-hansi-font-family:Calibri;<br \/>\n\tmso-hansi-theme-font:minor-latin;<br \/>\n\tmso-bidi-font-family:&quot;Times New Roman&quot;;<br \/>\n\tmso-bidi-theme-font:minor-bidi;}<br \/>\np.MsoFooter, li.MsoFooter, div.MsoFooter<br \/>\n\t{mso-style-priority:99;<br \/>\n\tmso-style-link:&quot;Pie de p&aacute;gina Car&quot;;<br \/>\n\tmargin:0cm;<br \/>\n\tmargin-bottom:.0001pt;<br \/>\n\tmso-pagination:widow-orphan;<br \/>\n\ttab-stops:center 212.6pt right 425.2pt;<br \/>\n\tfont-size:11.0pt;<br \/>\n\tfont-family:&quot;Calibri&quot;,sans-serif;<br \/>\n\tmso-ascii-font-family:Calibri;<br \/>\n\tmso-ascii-theme-font:minor-latin;<br \/>\n\tmso-fareast-font-family:&quot;Times New Roman&quot;;<br \/>\n\tmso-fareast-theme-font:minor-fareast;<br \/>\n\tmso-hansi-font-family:Calibri;<br \/>\n\tmso-hansi-theme-font:minor-latin;<br \/>\n\tmso-bidi-font-family:&quot;Times New Roman&quot;;<br \/>\n\tmso-bidi-theme-font:minor-bidi;}<br \/>\np<br \/>\n\t{mso-style-priority:99;<br \/>\n\tmso-margin-top-alt:auto;<br \/>\n\tmargin-right:0cm;<br \/>\n\tmso-margin-bottom-alt:auto;<br \/>\n\tmargin-left:0cm;<br \/>\n\tmso-pagination:widow-orphan;<br \/>\n\tfont-size:12.0pt;<br \/>\n\tfont-family:&quot;Times New Roman&quot;,serif;<br \/>\n\tmso-fareast-font-family:&quot;Times New Roman&quot;;}<br \/>\nspan.EncabezadoCar<br \/>\n\t{mso-style-name:&quot;Encabezado Car&quot;;<br \/>\n\tmso-style-priority:99;<br \/>\n\tmso-style-unhide:no;<br \/>\n\tmso-style-locked:yes;<br \/>\n\tmso-style-link:Encabezado;}<br \/>\nspan.PiedepginaCar<br \/>\n\t{mso-style-name:&quot;Pie de p&aacute;gina Car&quot;;<br \/>\n\tmso-style-priority:99;<br \/>\n\tmso-style-unhide:no;<br \/>\n\tmso-style-locked:yes;<br \/>\n\tmso-style-link:&quot;Pie de p&aacute;gina&quot;;}<br \/>\np.my-2, li.my-2, div.my-2<br \/>\n\t{mso-style-name:my-2;<br \/>\n\tmso-style-unhide:no;<br \/>\n\tmso-margin-top-alt:auto;<br \/>\n\tmargin-right:0cm;<br \/>\n\tmso-margin-bottom-alt:auto;<br \/>\n\tmargin-left:0cm;<br \/>\n\tmso-pagination:widow-orphan;<br \/>\n\tfont-size:12.0pt;<br \/>\n\tfont-family:&quot;Times New Roman&quot;,serif;<br \/>\n\tmso-fareast-font-family:&quot;Times New Roman&quot;;}<br \/>\n.zimbra1<br \/>\n\t{mso-style-type:export-only;<br \/>\n\tmso-default-props:yes;<br \/>\n\tfont-family:&quot;Calibri&quot;,sans-serif;<br \/>\n\tmso-ascii-font-family:Calibri;<br \/>\n\tmso-ascii-theme-font:minor-latin;<br \/>\n\tmso-fareast-font-family:&quot;Times New Roman&quot;;<br \/>\n\tmso-fareast-theme-font:minor-fareast;<br \/>\n\tmso-hansi-font-family:Calibri;<br \/>\n\tmso-hansi-theme-font:minor-latin;<br \/>\n\tmso-bidi-font-family:&quot;Times New Roman&quot;;<br \/>\n\tmso-bidi-theme-font:minor-bidi;}<br \/>\n.zimbra2<br \/>\n\t{mso-style-type:export-only;<br \/>\n\tmargin-bottom:8.0pt;<br \/>\n\tline-height:107%;}<br \/>\n@page WordSection1<br \/>\n\t{size:595.3pt 841.9pt;<br \/>\n\tmargin:70.85pt 3.0cm 70.85pt 3.0cm;<br \/>\n\tmso-header-margin:35.4pt;<br \/>\n\tmso-footer-margin:35.4pt;<br \/>\n\tmso-paper-source:0;}<br \/>\ndiv.WordSection1<br \/>\n\t{page:WordSection1;}<br \/>\n&#8211;&gt;<br \/>\nBuenos d\u00edas, compa\u00f1eros\/as.\u00a0      El Cabildo de Gran Canaria recupera el bancal tradicional de Los Lavaderos de Artenara tras el derrumbe parcial causado por la borrasca \u2018Therese\u2019Se ha respetado la t\u00e9cnica tradicional de piedra seca para mantener el conocimiento constructivo tradicional de este tipo de murosLa restauraci\u00f3n contribuye a la conservaci\u00f3n de un paisaje agr\u00edcola que forma parte de la identidad de las cumbres de la islaEl bien, un muro de cuatro metros de alto, est\u00e1 dentro del Paisaje Cultural de Risco Ca\u00eddo y las Monta\u00f1as Sagradas de Gran CanariaGran Canaria, 6 de agosto de 2026. La Finca Los Lavaderos, situada en el entorno del Barranco de La Coru\u00f1a, en el municipio de Artenara, vuelve a contar con uno de sus muros tradicionales de piedra seca tras los da\u00f1os ocasionados por las intensas lluvias asociadas a la borrasca \u2018Therese\u2019, que el pasado invierno afect\u00f3 a distintos puntos de la isla. El temporal provoc\u00f3 el derrumbe parcial del muro, dejando gran parte de las piedras acumuladas en la base del talud y comprometiendo la estabilidad del terreno y la capacidad de contenci\u00f3n del bancal agr\u00edcola.Con el objetivo de contribuir a la conservaci\u00f3n del Paisaje Cultural de Risco Ca\u00eddo y las Monta\u00f1as Sagradas de Gran Canaria, donde se enclava este bien, y de los sistemas tradicionales que le dan forma, el Instituto para la Gesti\u00f3n Integrada del Patrimonio Mundial y la Reserva de la Biosfera de Gran Canaria del Cabildo ha impulsado y financiado esta actuaci\u00f3n, enmarcada dentro de sus l\u00edneas de trabajo para la protecci\u00f3n, recuperaci\u00f3n y puesta en valor del patrimonio cultural y etnogr\u00e1fico de la isla.La intervenci\u00f3n, ejecutada por Agroforestal Atl\u00e1ntida, ha permitido reconstruir un muro de aproximadamente cuatro metros de altura, esencial para garantizar la estabilidad del terreno y la funcionalidad del sistema de terrazas agr\u00edcolas tradicionales.Los trabajos se han desarrollado respetando las t\u00e9cnicas tradicionales de construcci\u00f3n en piedra seca, utilizando las propias piedras desprendidas durante el temporal y recoloc\u00e1ndolas manualmente conforme a la tipolog\u00eda original del muro. Esta forma de intervenci\u00f3n permite conservar la autenticidad de la estructura, mantener el conocimiento constructivo tradicional asociado a este tipo de obras y minimizar el impacto ambiental mediante el reaprovechamiento de los materiales existentes.La t\u00e9cnica de la piedra seca constituye un elemento fundamental del paisaje hist\u00f3rico de Gran Canaria y representa un valioso patrimonio cultural vinculado al aprovechamiento sostenible del territorio. La recuperaci\u00f3n de estos muros contribuye a preservar un saber hacer transmitido durante generaciones y favorece la conservaci\u00f3n de un paisaje agr\u00edcola que forma parte de la identidad de las cumbres de la isla.El entorno del Barranco de la Coru\u00f1a es un claro ejemplo de este Paisaje Cultural, donde los bancales han permitido hist\u00f3ricamente adaptar los cultivos a una orograf\u00eda compleja. Actuaciones como esta contribuyen a mantener la funcionalidad de estas infraestructuras tradicionales, reforzar la resiliencia del territorio frente a fen\u00f3menos meteorol\u00f3gicos extremos y conservar los valores patrimoniales que caracterizan a Gran Canaria y, en particular, al \u00e1mbito del Paisaje Cultural de Risco Ca\u00eddo y las Monta\u00f1as Sagradas de Gran Canaria, reconocido por la UNESCO como Patrimonio Mundial.\u00a0\u00a0<\/p>\n<p>&lt;!&#8211;<br \/>\n \/* Font Definitions *\/<br \/>\n @font-face<br \/>\n\t{font-family:&quot;Cambria Math&quot;;<br \/>\n\tpanose-1:2 4 5 3 5 4 6 3 2 4;<br \/>\n\tmso-font-charset:1;<br \/>\n\tmso-generic-font-family:roman;<br \/>\n\tmso-font-pitch:variable;<br \/>\n\tmso-font-signature:0 0 0 0 0 0;}<br \/>\n@font-face<br \/>\n\t{font-family:Calibri;<br \/>\n\tpanose-1:2 15 5 2 2 2 4 3 2 4;<br \/>\n\tmso-font-charset:0;<br \/>\n\tmso-generic-font-family:swiss;<br \/>\n\tmso-font-pitch:variable;<br \/>\n\tmso-font-signature:-469750017 -1073732485 9 0 511 0;}<br \/>\n \/* Style Definitions *\/<br \/>\n p.MsoNormal, li.MsoNormal, div.MsoNormal<br \/>\n\t{mso-style-unhide:no;<br \/>\n\tmso-style-qformat:yes;<br \/>\n\tmso-style-parent:&quot;&quot;;<br \/>\n\tmargin-top:0cm;<br \/>\n\tmargin-right:0cm;<br \/>\n\tmargin-bottom:8.0pt;<br \/>\n\tmargin-left:0cm;<br \/>\n\tline-height:107%;<br \/>\n\tmso-pagination:widow-orphan;<br \/>\n\tfont-size:11.0pt;<br \/>\n\tfont-family:&quot;Calibri&quot;,sans-serif;<br \/>\n\tmso-ascii-font-family:Calibri;<br \/>\n\tmso-ascii-theme-font:minor-latin;<br \/>\n\tmso-fareast-font-family:&quot;Times New Roman&quot;;<br \/>\n\tmso-fareast-theme-font:minor-fareast;<br \/>\n\tmso-hansi-font-family:Calibri;<br \/>\n\tmso-hansi-theme-font:minor-latin;<br \/>\n\tmso-bidi-font-family:&quot;Times New Roman&quot;;<br \/>\n\tmso-bidi-theme-font:minor-bidi;}<br \/>\np.MsoHeader, li.MsoHeader, div.MsoHeader<br \/>\n\t{mso-style-priority:99;<br \/>\n\tmso-style-link:&quot;Encabezado Car&quot;;<br \/>\n\tmargin:0cm;<br \/>\n\tmargin-bottom:.0001pt;<br \/>\n\tmso-pagination:widow-orphan;<br \/>\n\ttab-stops:center 212.6pt right 425.2pt;<br \/>\n\tfont-size:11.0pt;<br \/>\n\tfont-family:&quot;Calibri&quot;,sans-serif;<br \/>\n\tmso-ascii-font-family:Calibri;<br \/>\n\tmso-ascii-theme-font:minor-latin;<br \/>\n\tmso-fareast-font-family:&quot;Times New Roman&quot;;<br \/>\n\tmso-fareast-theme-font:minor-fareast;<br \/>\n\tmso-hansi-font-family:Calibri;<br \/>\n\tmso-hansi-theme-font:minor-latin;<br \/>\n\tmso-bidi-font-family:&quot;Times New Roman&quot;;<br \/>\n\tmso-bidi-theme-font:minor-bidi;}<br \/>\np.MsoFooter, li.MsoFooter, div.MsoFooter<br \/>\n\t{mso-style-priority:99;<br \/>\n\tmso-style-link:&quot;Pie de p&aacute;gina Car&quot;;<br \/>\n\tmargin:0cm;<br \/>\n\tmargin-bottom:.0001pt;<br \/>\n\tmso-pagination:widow-orphan;<br \/>\n\ttab-stops:center 212.6pt right 425.2pt;<br \/>\n\tfont-size:11.0pt;<br \/>\n\tfont-family:&quot;Calibri&quot;,sans-serif;<br \/>\n\tmso-ascii-font-family:Calibri;<br \/>\n\tmso-ascii-theme-font:minor-latin;<br \/>\n\tmso-fareast-font-family:&quot;Times New Roman&quot;;<br \/>\n\tmso-fareast-theme-font:minor-fareast;<br \/>\n\tmso-hansi-font-family:Calibri;<br \/>\n\tmso-hansi-theme-font:minor-latin;<br \/>\n\tmso-bidi-font-family:&quot;Times New Roman&quot;;<br \/>\n\tmso-bidi-theme-font:minor-bidi;}<br \/>\np<br \/>\n\t{mso-style-priority:99;<br \/>\n\tmso-margin-top-alt:auto;<br \/>\n\tmargin-right:0cm;<br \/>\n\tmso-margin-bottom-alt:auto;<br \/>\n\tmargin-left:0cm;<br \/>\n\tmso-pagination:widow-orphan;<br \/>\n\tfont-size:12.0pt;<br \/>\n\tfont-family:&quot;Times New Roman&quot;,serif;<br \/>\n\tmso-fareast-font-family:&quot;Times New Roman&quot;;}<br \/>\nspan.EncabezadoCar<br \/>\n\t{mso-style-name:&quot;Encabezado Car&quot;;<br \/>\n\tmso-style-priority:99;<br \/>\n\tmso-style-unhide:no;<br \/>\n\tmso-style-locked:yes;<br \/>\n\tmso-style-link:Encabezado;}<br \/>\nspan.PiedepginaCar<br \/>\n\t{mso-style-name:&quot;Pie de p&aacute;gina Car&quot;;<br \/>\n\tmso-style-priority:99;<br \/>\n\tmso-style-unhide:no;<br \/>\n\tmso-style-locked:yes;<br \/>\n\tmso-style-link:&quot;Pie de p&aacute;gina&quot;;}<br \/>\np.my-2, li.my-2, div.my-2<br \/>\n\t{mso-style-name:my-2;<br \/>\n\tmso-style-unhide:no;<br \/>\n\tmso-margin-top-alt:auto;<br \/>\n\tmargin-right:0cm;<br \/>\n\tmso-margin-bottom-alt:auto;<br \/>\n\tmargin-left:0cm;<br \/>\n\tmso-pagination:widow-orphan;<br \/>\n\tfont-size:12.0pt;<br \/>\n\tfont-family:&quot;Times New Roman&quot;,serif;<br \/>\n\tmso-fareast-font-family:&quot;Times New Roman&quot;;}<br \/>\n.zimbra1<br \/>\n\t{mso-style-type:export-only;<br \/>\n\tmso-default-props:yes;<br \/>\n\tfont-family:&quot;Calibri&quot;,sans-serif;<br \/>\n\tmso-ascii-font-family:Calibri;<br \/>\n\tmso-ascii-theme-font:minor-latin;<br \/>\n\tmso-fareast-font-family:&quot;Times New Roman&quot;;<br \/>\n\tmso-fareast-theme-font:minor-fareast;<br \/>\n\tmso-hansi-font-family:Calibri;<br \/>\n\tmso-hansi-theme-font:minor-latin;<br \/>\n\tmso-bidi-font-family:&quot;Times New Roman&quot;;<br \/>\n\tmso-bidi-theme-font:minor-bidi;}<br \/>\n.zimbra2<br \/>\n\t{mso-style-type:export-only;<br \/>\n\tmargin-bottom:8.0pt;<br \/>\n\tline-height:107%;}<br \/>\n@page WordSection1<br \/>\n\t{size:595.3pt 841.9pt;<br \/>\n\tmargin:70.85pt 3.0cm 70.85pt 3.0cm;<br \/>\n\tmso-header-margin:35.4pt;<br \/>\n\tmso-footer-margin:35.4pt;<br \/>\n\tmso-paper-source:0;}<br \/>\ndiv.WordSection1<br \/>\n\t{page:WordSection1;}<br \/>\n&#8211;&gt;<\/p>\n<p>Buenos d\u00edas, compa\u00f1eros\/as.\u00a0<\/p>\n<p>El Cabildo de Gran Canaria recupera el bancal tradicional de Los Lavaderos de Artenara tras el derrumbe parcial causado por la borrasca \u2018Therese\u2019Se ha respetado la t\u00e9cnica tradicional de piedra seca para mantener el conocimiento constructivo tradicional de este tipo de murosLa restauraci\u00f3n contribuye a la conservaci\u00f3n de un paisaje agr\u00edcola que forma parte de la identidad de las cumbres de la islaEl bien, un muro de cuatro metros de alto, est\u00e1 dentro del Paisaje Cultural de Risco Ca\u00eddo y las Monta\u00f1as Sagradas de Gran CanariaGran Canaria, 6 de agosto de 2026. La Finca Los Lavaderos, situada en el entorno del Barranco de La Coru\u00f1a, en el municipio de Artenara, vuelve a contar con uno de sus muros tradicionales de piedra seca tras los da\u00f1os ocasionados por las intensas lluvias asociadas a la borrasca \u2018Therese\u2019, que el pasado invierno afect\u00f3 a distintos puntos de la isla. El temporal provoc\u00f3 el derrumbe parcial del muro, dejando gran parte de las piedras acumuladas en la base del talud y comprometiendo la estabilidad del terreno y la capacidad de contenci\u00f3n del bancal agr\u00edcola.Con el objetivo de contribuir a la conservaci\u00f3n del Paisaje Cultural de Risco Ca\u00eddo y las Monta\u00f1as Sagradas de Gran Canaria, donde se enclava este bien, y de los sistemas tradicionales que le dan forma, el Instituto para la Gesti\u00f3n Integrada del Patrimonio Mundial y la Reserva de la Biosfera de Gran Canaria del Cabildo ha impulsado y financiado esta actuaci\u00f3n, enmarcada dentro de sus l\u00edneas de trabajo para la protecci\u00f3n, recuperaci\u00f3n y puesta en valor del patrimonio cultural y etnogr\u00e1fico de la isla.La intervenci\u00f3n, ejecutada por Agroforestal Atl\u00e1ntida, ha permitido reconstruir un muro de aproximadamente cuatro metros de altura, esencial para garantizar la estabilidad del terreno y la funcionalidad del sistema de terrazas agr\u00edcolas tradicionales.Los trabajos se han desarrollado respetando las t\u00e9cnicas tradicionales de construcci\u00f3n en piedra seca, utilizando las propias piedras desprendidas durante el temporal y recoloc\u00e1ndolas manualmente conforme a la tipolog\u00eda original del muro. Esta forma de intervenci\u00f3n permite conservar la autenticidad de la estructura, mantener el conocimiento constructivo tradicional asociado a este tipo de obras y minimizar el impacto ambiental mediante el reaprovechamiento de los materiales existentes.La t\u00e9cnica de la piedra seca constituye un elemento fundamental del paisaje hist\u00f3rico de Gran Canaria y representa un valioso patrimonio cultural vinculado al aprovechamiento sostenible del territorio. La recuperaci\u00f3n de estos muros contribuye a preservar un saber hacer transmitido durante generaciones y favorece la conservaci\u00f3n de un paisaje agr\u00edcola que forma parte de la identidad de las cumbres de la isla.El entorno del Barranco de la Coru\u00f1a es un claro ejemplo de este Paisaje Cultural, donde los bancales han permitido hist\u00f3ricamente adaptar los cultivos a una orograf\u00eda compleja. Actuaciones como esta contribuyen a mantener la funcionalidad de estas infraestructuras tradicionales, reforzar la resiliencia del territorio frente a fen\u00f3menos meteorol\u00f3gicos extremos y conservar los valores patrimoniales que caracterizan a Gran Canaria y, en particular, al \u00e1mbito del Paisaje Cultural de Risco Ca\u00eddo y las Monta\u00f1as Sagradas de Gran Canaria, reconocido por la UNESCO como Patrimonio Mundial.\u00a0\u00a0<\/p>\n<p>El Cabildo de Gran Canaria recupera el bancal tradicional de Los Lavaderos de Artenara tras el derrumbe parcial causado por la borrasca \u2018Therese\u2019<\/p>\n<p>Se ha respetado la t\u00e9cnica tradicional de piedra seca para mantener el conocimiento constructivo tradicional de este tipo de muros<\/p>\n<p>La restauraci\u00f3n contribuye a la conservaci\u00f3n de un paisaje agr\u00edcola que forma parte de la identidad de las cumbres de la isla<\/p>\n<p>El bien, un muro de cuatro metros de alto, est\u00e1 dentro del Paisaje Cultural de Risco Ca\u00eddo y las Monta\u00f1as Sagradas de Gran Canaria<\/p>\n<p>Gran Canaria, 6 de agosto de 2026. La Finca Los Lavaderos, situada en el entorno del Barranco de La Coru\u00f1a, en el municipio de Artenara, vuelve a contar con uno de sus muros tradicionales de piedra seca tras los da\u00f1os ocasionados por las intensas lluvias asociadas a la borrasca \u2018Therese\u2019, que el pasado invierno afect\u00f3 a distintos puntos de la isla. El temporal provoc\u00f3 el derrumbe parcial del muro, dejando gran parte de las piedras acumuladas en la base del talud y comprometiendo la estabilidad del terreno y la capacidad de contenci\u00f3n del bancal agr\u00edcola.<\/p>\n<p>Con el objetivo de contribuir a la conservaci\u00f3n del Paisaje Cultural de Risco Ca\u00eddo y las Monta\u00f1as Sagradas de Gran Canaria, donde se enclava este bien, y de los sistemas tradicionales que le dan forma, el Instituto para la Gesti\u00f3n Integrada del Patrimonio Mundial y la Reserva de la Biosfera de Gran Canaria del Cabildo ha impulsado y financiado esta actuaci\u00f3n, enmarcada dentro de sus l\u00edneas de trabajo para la protecci\u00f3n, recuperaci\u00f3n y puesta en valor del patrimonio cultural y etnogr\u00e1fico de la isla.<\/p>\n<p>La intervenci\u00f3n, ejecutada por Agroforestal Atl\u00e1ntida, ha permitido reconstruir un muro de aproximadamente cuatro metros de altura, esencial para garantizar la estabilidad del terreno y la funcionalidad del sistema de terrazas agr\u00edcolas tradicionales.<\/p>\n<p>Los trabajos se han desarrollado respetando las t\u00e9cnicas tradicionales de construcci\u00f3n en piedra seca, utilizando las propias piedras desprendidas durante el temporal y recoloc\u00e1ndolas manualmente conforme a la tipolog\u00eda original del muro. Esta forma de intervenci\u00f3n permite conservar la autenticidad de la estructura, mantener el conocimiento constructivo tradicional asociado a este tipo de obras y minimizar el impacto ambiental mediante el reaprovechamiento de los materiales existentes.<\/p>\n<p>La t\u00e9cnica de la piedra seca constituye un elemento fundamental del paisaje hist\u00f3rico de Gran Canaria y representa un valioso patrimonio cultural vinculado al aprovechamiento sostenible del territorio. La recuperaci\u00f3n de estos muros contribuye a preservar un saber hacer transmitido durante generaciones y favorece la conservaci\u00f3n de un paisaje agr\u00edcola que forma parte de la identidad de las cumbres de la isla.<\/p>\n<p>El entorno del Barranco de la Coru\u00f1a es un claro ejemplo de este Paisaje Cultural, donde los bancales han permitido hist\u00f3ricamente adaptar los cultivos a una orograf\u00eda compleja. Actuaciones como esta contribuyen a mantener la funcionalidad de estas infraestructuras tradicionales, reforzar la resiliencia del territorio frente a fen\u00f3menos meteorol\u00f3gicos extremos y conservar los valores patrimoniales que caracterizan a Gran Canaria y, en particular, al \u00e1mbito del Paisaje Cultural de Risco Ca\u00eddo y las Monta\u00f1as Sagradas de Gran Canaria, reconocido por la UNESCO como Patrimonio Mundial.<\/p>\n","protected":false},"excerpt":{"rendered":"<p>&lt;!&#8211; \/* Font Definitions *\/ @font-face {font-family:&quot;Cambria Math&quot;; panose-1:2 4 5 3 5 4 6 3 2 4; mso-font-charset:1; mso-generic-font-family:roman; mso-font-pitch:variable; mso-font-signature:0 0 0 0 0 0;} @font-face {font-family:Calibri; panose-1:2&hellip;<\/p>\n","protected":false},"author":1,"featured_media":1795,"comment_status":"open","ping_status":"open","sticky":false,"template":"","format":"standard","meta":{"wpai_generated_summary":"","wpai_meta_description":"","footnotes":""},"categories":[148],"tags":[],"class_list":["post-1794","post","type-post","status-publish","format-standard","has-post-thumbnail","hentry","category-cabildo-de-gran-canaria"],"_links":{"self":[{"href":"https:\/\/nublo.tv\/index.php\/wp-json\/wp\/v2\/posts\/1794","targetHints":{"allow":["GET"]}}],"collection":[{"href":"https:\/\/nublo.tv\/index.php\/wp-json\/wp\/v2\/posts"}],"about":[{"href":"https:\/\/nublo.tv\/index.php\/wp-json\/wp\/v2\/types\/post"}],"author":[{"embeddable":true,"href":"https:\/\/nublo.tv\/index.php\/wp-json\/wp\/v2\/users\/1"}],"replies":[{"embeddable":true,"href":"https:\/\/nublo.tv\/index.php\/wp-json\/wp\/v2\/comments?post=1794"}],"version-history":[{"count":1,"href":"https:\/\/nublo.tv\/index.php\/wp-json\/wp\/v2\/posts\/1794\/revisions"}],"predecessor-version":[{"id":1796,"href":"https:\/\/nublo.tv\/index.php\/wp-json\/wp\/v2\/posts\/1794\/revisions\/1796"}],"wp:featuredmedia":[{"embeddable":true,"href":"https:\/\/nublo.tv\/index.php\/wp-json\/wp\/v2\/media\/1795"}],"wp:attachment":[{"href":"https:\/\/nublo.tv\/index.php\/wp-json\/wp\/v2\/media?parent=1794"}],"wp:term":[{"taxonomy":"category","embeddable":true,"href":"https:\/\/nublo.tv\/index.php\/wp-json\/wp\/v2\/categories?post=1794"},{"taxonomy":"post_tag","embeddable":true,"href":"https:\/\/nublo.tv\/index.php\/wp-json\/wp\/v2\/tags?post=1794"}],"curies":[{"name":"wp","href":"https:\/\/api.w.org\/{rel}","templated":true}]}}