{"id":18,"date":"2026-08-04T17:32:55","date_gmt":"2026-08-04T16:32:55","guid":{"rendered":"https:\/\/nublo.tv\/?p=18"},"modified":"2026-08-04T17:32:55","modified_gmt":"2026-08-04T16:32:55","slug":"la-nueva-temporada-de-teatros-llega-con-humor-musica-y-propuestas-para-todos-los-publicos","status":"publish","type":"post","link":"https:\/\/nublo.tv\/index.php\/2026\/08\/04\/la-nueva-temporada-de-teatros-llega-con-humor-musica-y-propuestas-para-todos-los-publicos\/","title":{"rendered":"La nueva temporada de teatros llega con humor, m\u00fasica y propuestas para todos los p\u00fablicos."},"content":{"rendered":"<p class=\"p-meta\"><span>Marcos Hern\u00e1ndez Bola\u00f1os<\/span><span><time class=\"entry-date\" datetime=\"2026-07-31T10:06:36+00:00\">31\/07\/2026<\/time><\/span><span><a href=\"https:\/\/aguimes.es\/category\/noticias\/cultura\/\" title=\"View all posts in: \u201cCultura\u201d\">Cultura<\/a>, <a href=\"https:\/\/aguimes.es\/category\/noticias\/\" title=\"View all posts in: \u201cNoticias\u201d\">Noticias<\/a><\/span><\/p>\n<p class=\"wp-block-paragraph\"><strong>El Teatro Auditorio y el Teatro Cruce de Culturas acoger\u00e1n, de septiembre de 2026 a enero de 2027, una veintena de espect\u00e1culos con propuestas para todos los p\u00fablicos.\u00a0\u00a0<\/strong>\u00a0\u00a0\u00a0\u00a0\u00a0<\/p>\n<p class=\"wp-block-paragraph\">Desde septiembre hasta enero de 2027, la nueva programaci\u00f3n cultural en Ag\u00fcimes reunir\u00e1 una veintena de propuestas esc\u00e9nicas y musicales. La oferta combina producciones de gran formato, espect\u00e1culos de compa\u00f1\u00edas canarias y nacionales, teatro familiar, conciertos, lecturas dramatizadas, encuentros dedicados al cine y una nueva edici\u00f3n del Festival del Sur. Entre los eventos destacados se cuentan un musical dedicado a C\u00e9sar Manrique, la grabaci\u00f3n del programa de comedia En Otra Clave, el mon\u00f3logo del humorista Hovik Keuchkerian, una representaci\u00f3n del cl\u00e1sico infantil Blancanieves o el Concierto de Fin de A\u00f1o de Los Gofiones.<\/p>\n<p class=\"wp-block-paragraph\">La temporada arrancar\u00e1 en septiembre con \u2018C\u00e9sar Manrique, el musical\u2019, donde cerca de un centenar de artistas revivir\u00e1 la figura del gran artista canario. El mes cerrar\u00e1 con el estreno de \u2018La Reata de los doce camellos: el mot\u00edn de Ag\u00fcimes de 1708\u2019, una obra de teatro comunitario que recupera un episodio hist\u00f3rico de la villa a trav\u00e9s de la m\u00fasica y la dramaturgia. El humor ocupar\u00e1 un lugar destacado en la programaci\u00f3n con varias grabaciones en directo de En Otra Clave, el programa m\u00e1s visto de Televisi\u00f3n Canaria, que regresar\u00e1 en octubre y enero con su formato de teatro televisivo y m\u00fasica en directo. A ello se sumar\u00e1n propuestas como \u2018Graciela Conchalovsky\u2019, una comedia de mon\u00f3logos cargada de iron\u00eda, y \u2018Grito\u2019, el esperado regreso de Hovik Keuchkerian al <em>stand up <\/em>con un espect\u00e1culo de humor \u00e1cido y reflexi\u00f3n social.<\/p>\n<p class=\"wp-block-paragraph\">La programaci\u00f3n dram\u00e1tica ofrecer\u00e1 t\u00edtulos de gran intensidad esc\u00e9nica como \u2018Poncia\u2019, basada en el universo de La casa de Bernarda Alba de Federico Garc\u00eda Lorca, la comedia dram\u00e1tica \u2018Panza de Burro\u2019, la tragicomedia \u2018Cartas: el grito (casi) amordazado de una generaci\u00f3n\u2019 y la lectura dramatizada \u2018Hagamos un trato\u2019, protagonizada por Petra Mart\u00ednez. El p\u00fablico familiar tambi\u00e9n tendr\u00e1 un espacio relevante con el estreno de \u2018Blancanieves, m\u00e1s all\u00e1 del espejo\u2019, una nueva versi\u00f3n del cl\u00e1sico infantil, mientras que la m\u00fasica contar\u00e1 con propuestas como Flamenco Jazz Fusi\u00f3n, Ag\u00fcimes en Cinco Cuerdas y el tradicional concierto navide\u00f1o de Los Gofiones.<\/p>\n<p class=\"wp-block-paragraph\">Del 18 al 25 de octubre tendr\u00e1 lugar una nueva edici\u00f3n del Festival del Sur \u2013 Encuentro Teatral Tres Continentes, el certamen de artes esc\u00e9nicas m\u00e1s antiguo de Canarias, con decenas de funciones teatrales, danza, clown y conciertos. En noviembre ser\u00e1 el turno del encuentro cinematogr\u00e1fico M.A.R. \u2013 Mujeres Africanas Rodando, que reforzar\u00e1n el car\u00e1cter internacional y multidisciplinar de la programaci\u00f3n cultural del municipio.\u00a0<\/p>\n<p class=\"wp-block-paragraph\">Las entradas podr\u00e1n adquirirse a trav\u00e9s de la plataforma <a href=\"http:\/\/tureservaonline.es\">tureservaonline.es<\/a>, en las taquillas de los teatros y en las casas de la cultura del municipio. Adem\u00e1s, varios de los espect\u00e1culos contar\u00e1n con servicio gratuito de ludoteca para facilitar la asistencia de familias con menores.<\/p>\n","protected":false},"excerpt":{"rendered":"<p>Marcos Hern\u00e1ndez Bola\u00f1os31\/07\/2026Cultura, NoticiasEl Teatro Auditorio y el Teatro Cruce de Culturas acoger\u00e1n, de septiembre de 2026 a enero de 2027, una veintena de espect\u00e1culos con propuestas para todos los&hellip;<\/p>\n","protected":false},"author":4,"featured_media":19,"comment_status":"open","ping_status":"open","sticky":false,"template":"","format":"standard","meta":{"wpai_generated_summary":"","wpai_meta_description":"","footnotes":""},"categories":[125],"tags":[],"class_list":["post-18","post","type-post","status-publish","format-standard","has-post-thumbnail","hentry","category-ayuntamiento-de-aguimes"],"_links":{"self":[{"href":"https:\/\/nublo.tv\/index.php\/wp-json\/wp\/v2\/posts\/18","targetHints":{"allow":["GET"]}}],"collection":[{"href":"https:\/\/nublo.tv\/index.php\/wp-json\/wp\/v2\/posts"}],"about":[{"href":"https:\/\/nublo.tv\/index.php\/wp-json\/wp\/v2\/types\/post"}],"author":[{"embeddable":true,"href":"https:\/\/nublo.tv\/index.php\/wp-json\/wp\/v2\/users\/4"}],"replies":[{"embeddable":true,"href":"https:\/\/nublo.tv\/index.php\/wp-json\/wp\/v2\/comments?post=18"}],"version-history":[{"count":1,"href":"https:\/\/nublo.tv\/index.php\/wp-json\/wp\/v2\/posts\/18\/revisions"}],"predecessor-version":[{"id":490,"href":"https:\/\/nublo.tv\/index.php\/wp-json\/wp\/v2\/posts\/18\/revisions\/490"}],"wp:featuredmedia":[{"embeddable":true,"href":"https:\/\/nublo.tv\/index.php\/wp-json\/wp\/v2\/media\/19"}],"wp:attachment":[{"href":"https:\/\/nublo.tv\/index.php\/wp-json\/wp\/v2\/media?parent=18"}],"wp:term":[{"taxonomy":"category","embeddable":true,"href":"https:\/\/nublo.tv\/index.php\/wp-json\/wp\/v2\/categories?post=18"},{"taxonomy":"post_tag","embeddable":true,"href":"https:\/\/nublo.tv\/index.php\/wp-json\/wp\/v2\/tags?post=18"}],"curies":[{"name":"wp","href":"https:\/\/api.w.org\/{rel}","templated":true}]}}