{"id":180,"date":"2026-08-04T17:35:23","date_gmt":"2026-08-04T16:35:23","guid":{"rendered":"https:\/\/nublo.tv\/?p=180"},"modified":"2026-08-04T17:35:23","modified_gmt":"2026-08-04T16:35:23","slug":"la-alerta-por-altas-temperaturas-retrasa-la-ofrenda-romeria-de-santa-brigida","status":"publish","type":"post","link":"https:\/\/nublo.tv\/index.php\/2026\/08\/04\/la-alerta-por-altas-temperaturas-retrasa-la-ofrenda-romeria-de-santa-brigida\/","title":{"rendered":"La alerta por altas temperaturas retrasa la Ofrenda-Romer\u00eda de Santa Br\u00edgida"},"content":{"rendered":"<p>El Gobierno de Canarias ha actualizado este mi\u00e9rcoles la situaci\u00f3n meteorol\u00f3gica y ha elevado a <a href=\"https:\/\/www.112canarias.com\/112\/el-gobierno-de-canarias-actualiza-la-situacion-pasando-a-alerta-por-temperaturas-maximas-en-todo-el-archipielago-2\/\"><strong>alerta por temperaturas m\u00e1ximas<\/strong> <\/a>el nivel de activaci\u00f3n en todo el archipi\u00e9lago. La medida entrar\u00e1 en vigor a las 11:00 horas de este jueves,<strong> 30 de julio<\/strong>, ante la previsi\u00f3n de un episodio de <strong>calor intenso y persistente<\/strong> que afectar\u00e1 a las islas durante los pr\u00f3ximos d\u00edas.<\/p>\n<p>Ante este escenario, y con el objetivo de evitar las horas de mayor calor y garantizar el bienestar y la seguridad de vecinos, vecinas y visitantes, el Ayuntamiento y la Comisi\u00f3n de Fiestas han acordado <strong>retrasar una hora <\/strong>el inicio de la<strong> Ofrenda-Romer\u00eda en honor a Santa Br\u00edgida<\/strong>, que finalmente partir\u00e1 el s\u00e1bado, <strong>a las 19:00 horas<\/strong>.<\/p>\n<p>Las previsiones meteorol\u00f3gicas apuntan a temperaturas iguales o superiores a los <strong>38 grados <\/strong>en zonas de interior y median\u00edas orientadas al sur y oeste de Gran Canaria <strong>al comienzo del fin de semana.<\/strong><\/p>\n<p>Asimismo, el Ejecutivo auton\u00f3mico ha declarado la <strong><a href=\"https:\/\/www.112canarias.com\/112\/el-gobierno-declara-la-alerta-por-riesgo-de-incendios-forestales-en-las-islas-occidentales-y-gran-canaria-2\/\">alerta por riesgo de incendios forestales<\/a><\/strong> en Tenerife, La Palma, La Gomera, El Hierro y en las zonas de Gran Canaria situadas por encima de los 400 metros de altitud, debido a la combinaci\u00f3n de altas temperaturas, baja humedad y condiciones meteorol\u00f3gicas que favorecen la r\u00e1pida propagaci\u00f3n del fuego.<\/p>\n<p><a href=\"https:\/\/whatsapp.com\/channel\/0029VahknXBDzgTHGJW3DC1v\">S\u00edguenos a trav\u00e9s del canal de WhatsApp<\/a><\/p>\n","protected":false},"excerpt":{"rendered":"<p>El Gobierno de Canarias ha actualizado este mi\u00e9rcoles la situaci\u00f3n meteorol\u00f3gica y ha elevado a alerta por temperaturas m\u00e1ximas el nivel de activaci\u00f3n en todo el archipi\u00e9lago. La medida entrar\u00e1&hellip;<\/p>\n","protected":false},"author":17,"featured_media":181,"comment_status":"open","ping_status":"open","sticky":false,"template":"","format":"standard","meta":{"wpai_generated_summary":"","wpai_meta_description":"","footnotes":""},"categories":[136],"tags":[],"class_list":["post-180","post","type-post","status-publish","format-standard","has-post-thumbnail","hentry","category-ayuntamiento-de-santa-brigida"],"_links":{"self":[{"href":"https:\/\/nublo.tv\/index.php\/wp-json\/wp\/v2\/posts\/180","targetHints":{"allow":["GET"]}}],"collection":[{"href":"https:\/\/nublo.tv\/index.php\/wp-json\/wp\/v2\/posts"}],"about":[{"href":"https:\/\/nublo.tv\/index.php\/wp-json\/wp\/v2\/types\/post"}],"author":[{"embeddable":true,"href":"https:\/\/nublo.tv\/index.php\/wp-json\/wp\/v2\/users\/17"}],"replies":[{"embeddable":true,"href":"https:\/\/nublo.tv\/index.php\/wp-json\/wp\/v2\/comments?post=180"}],"version-history":[{"count":1,"href":"https:\/\/nublo.tv\/index.php\/wp-json\/wp\/v2\/posts\/180\/revisions"}],"predecessor-version":[{"id":522,"href":"https:\/\/nublo.tv\/index.php\/wp-json\/wp\/v2\/posts\/180\/revisions\/522"}],"wp:featuredmedia":[{"embeddable":true,"href":"https:\/\/nublo.tv\/index.php\/wp-json\/wp\/v2\/media\/181"}],"wp:attachment":[{"href":"https:\/\/nublo.tv\/index.php\/wp-json\/wp\/v2\/media?parent=180"}],"wp:term":[{"taxonomy":"category","embeddable":true,"href":"https:\/\/nublo.tv\/index.php\/wp-json\/wp\/v2\/categories?post=180"},{"taxonomy":"post_tag","embeddable":true,"href":"https:\/\/nublo.tv\/index.php\/wp-json\/wp\/v2\/tags?post=180"}],"curies":[{"name":"wp","href":"https:\/\/api.w.org\/{rel}","templated":true}]}}