{"id":18010,"date":"2026-08-28T17:22:27","date_gmt":"2026-08-28T16:22:27","guid":{"rendered":"https:\/\/nublo.tv\/?p=18010"},"modified":"2026-08-28T17:22:27","modified_gmt":"2026-08-28T16:22:27","slug":"joe-cremo-presentado-como-nuevo-jugador-del-gran-canaria-el-exito-del-equipo-lleva-al-exito-individual","status":"publish","type":"post","link":"https:\/\/nublo.tv\/index.php\/2026\/08\/28\/joe-cremo-presentado-como-nuevo-jugador-del-gran-canaria-el-exito-del-equipo-lleva-al-exito-individual\/","title":{"rendered":"Joe Cremo, presentado como nuevo jugador del Gran Canaria: \u00abEl \u00e9xito del equipo lleva al \u00e9xito individual\u00bb"},"content":{"rendered":"<p><strong>\u00a0El escolta Joe Cremo fue presentado este viernes como nuevo jugador del Gran Canaria en un acto celebrado en las oficinas de Mutua Tinerfe\u00f1a en Santa Cruz de Tenerife. El neoyorquino, procedente del Leyma Coru\u00f1a, destac\u00f3 su ilusi\u00f3n por competir con un club hist\u00f3rico y su mentalidad ganadora.<\/strong><\/p>\n<p>Joe Cremo, natural de Scotia (Nueva York), fue presentado oficialmente como refuerzo del Gran Canaria tras dos ascensos consecutivos con San Pablo Burgos y Leyma Coru\u00f1a. El acto tuvo lugar en la Sala 100 de las oficinas de Mutua Tinerfe\u00f1a, en la calle Luis Doreste Silva, y cont\u00f3 con la presencia de Abora Est\u00e9vez, director de Marketing y Experiencia de Cliente de la entidad, quien destac\u00f3 el orgullo de la mutua por patrocinar al club esta temporada.<\/p>\n<h3>Primeras declaraciones como jugador amarillo<\/h3>\n<p>Cremo agradeci\u00f3 la confianza depositada en \u00e9l por el t\u00e9cnico Francesc Solana y expres\u00f3 su gratitud por \u00abestar en la isla y tener la oportunidad de competir con un club tan hist\u00f3rico\u00bb. El jugador, que lleg\u00f3 a Espa\u00f1a en 2021 procedente del Zornotza, subray\u00f3 que su prioridad es \u00abganar, no las estad\u00edsticas personales\u00bb, y a\u00f1adi\u00f3: \u00abEl \u00e9xito del equipo lleva al \u00e9xito individual\u00bb.<\/p>\n<p>Sobre su adaptaci\u00f3n, el escolta explic\u00f3 que llega \u00aba un equipo con jugadores hambrientos que quieren dar lo mejor de s\u00ed mismos cada d\u00eda\u00bb. Adem\u00e1s, destac\u00f3 su versatilidad: \u00abComo jugador trato de aportar en ataque y en defensa, acepto el reto de defender al mejor jugador rival\u00bb.<\/p>\n<p><img loading=\"lazy\" decoding=\"async\" class=\"wp-image-106275\" src=\"https:\/\/cbgc.ams3.digitaloceanspaces.com\/2026\/08\/28153624\/A759053-1024x683.jpg\" alt=\"\" width=\"1024\" height=\"683\" \/><\/p>\n<h3>Mentalidad y preparaci\u00f3n<\/h3>\n<p>Cremo tambi\u00e9n habl\u00f3 sobre su liderazgo: \u00abTrato de ser un l\u00edder, ya sea con la palabra o con el ejemplo, como recibiendo una falta en ataque o tir\u00e1ndome a por un bal\u00f3n suelto\u00bb. Coincidir\u00e1 en el equipo con Savignani, con quien comparte \u00abla mentalidad del trabajo duro\u00bb.<\/p>\n<p>Sobre los rivales, el jugador neoyorquino afirm\u00f3 que \u00abno me fijo mucho en ellos, porque cuando empiezas a pensar en otros equipos pierdes el foco en lo importante: el objetivo del equipo y lo que podemos controlar\u00bb. Adem\u00e1s, se\u00f1al\u00f3 que \u00abla presi\u00f3n solo es tal sin preparaci\u00f3n, por lo que debemos estar preparados\u00bb.<\/p>\n<p>Cremo y sus compa\u00f1eros completaron esta semana la segunda semana de entrenamientos de la pretemporada, que continuar\u00e1 el pr\u00f3ximo lunes. El equipo se prepara para su primer amistoso, que se disputar\u00e1 a puerta cerrada en La Laguna el pr\u00f3ximo jueves.<\/p>\n","protected":false},"excerpt":{"rendered":"<p>El escolta neoyorquino tom\u00f3 la palabra como jugador amarillo en las oficinas de Mutua Tinerfe\u00f1a en la c\u00e9ntrica calle de Luis Doreste Silva. Joe Cremo ya habla como jugador del&hellip;<\/p>\n","protected":false},"author":1,"featured_media":18013,"comment_status":"open","ping_status":"open","sticky":false,"template":"","format":"standard","meta":{"wpai_generated_summary":"","wpai_meta_description":"","footnotes":""},"categories":[122],"tags":[],"class_list":["post-18010","post","type-post","status-publish","format-standard","has-post-thumbnail","hentry","category-deportes"],"_links":{"self":[{"href":"https:\/\/nublo.tv\/index.php\/wp-json\/wp\/v2\/posts\/18010","targetHints":{"allow":["GET"]}}],"collection":[{"href":"https:\/\/nublo.tv\/index.php\/wp-json\/wp\/v2\/posts"}],"about":[{"href":"https:\/\/nublo.tv\/index.php\/wp-json\/wp\/v2\/types\/post"}],"author":[{"embeddable":true,"href":"https:\/\/nublo.tv\/index.php\/wp-json\/wp\/v2\/users\/1"}],"replies":[{"embeddable":true,"href":"https:\/\/nublo.tv\/index.php\/wp-json\/wp\/v2\/comments?post=18010"}],"version-history":[{"count":2,"href":"https:\/\/nublo.tv\/index.php\/wp-json\/wp\/v2\/posts\/18010\/revisions"}],"predecessor-version":[{"id":18014,"href":"https:\/\/nublo.tv\/index.php\/wp-json\/wp\/v2\/posts\/18010\/revisions\/18014"}],"wp:featuredmedia":[{"embeddable":true,"href":"https:\/\/nublo.tv\/index.php\/wp-json\/wp\/v2\/media\/18013"}],"wp:attachment":[{"href":"https:\/\/nublo.tv\/index.php\/wp-json\/wp\/v2\/media?parent=18010"}],"wp:term":[{"taxonomy":"category","embeddable":true,"href":"https:\/\/nublo.tv\/index.php\/wp-json\/wp\/v2\/categories?post=18010"},{"taxonomy":"post_tag","embeddable":true,"href":"https:\/\/nublo.tv\/index.php\/wp-json\/wp\/v2\/tags?post=18010"}],"curies":[{"name":"wp","href":"https:\/\/api.w.org\/{rel}","templated":true}]}}