{"id":1805,"date":"2026-08-06T11:48:56","date_gmt":"2026-08-06T10:48:56","guid":{"rendered":"https:\/\/nublo.tv\/?p=1805"},"modified":"2026-08-29T08:57:49","modified_gmt":"2026-08-29T07:57:49","slug":"el-mercado-agricola-de-galdar-regresa-el-6-de-septiembre","status":"publish","type":"post","link":"https:\/\/nublo.tv\/index.php\/2026\/08\/06\/el-mercado-agricola-de-galdar-regresa-el-6-de-septiembre\/","title":{"rendered":"El Mercado Agr\u00edcola de G\u00e1ldar regresa el 6 de septiembre"},"content":{"rendered":"<div><img loading=\"lazy\" decoding=\"async\" width=\"212\" height=\"300\" src=\"https:\/\/www.galdar.es\/wp-content\/uploads\/2026\/08\/Cartel-Mercado-Agricola-septiembre-212x300.jpg\" class=\"attachment-medium size-medium wp-post-image\" alt=\"\" style=\"margin-bottom: 15px\" \/><\/div>\n<p>El Mercado Agr\u00edcola regresar\u00e1 a la Plaza de Santiago el pr\u00f3ximo domingo 6 de septiembre, en su horario habitual de 9:00 a 13:30 horas. Esta cita quincenal, que se tomar\u00e1 un descanso en agosto, se ha consolidado desde su inicio como un encuentro para productores y consumidores en G\u00e1ldar para la adquisici\u00f3n de productos frescos,<a class=\"moretag\" href=\"https:\/\/www.galdar.es\/el-mercado-agricola-de-galdar-regresa-el-6-de-septiembre\/\">&#8230;<\/a><\/p>\n<p>galdar.es\u00bb>Ayuntamiento de G\u00e1ldar<\/a>.<\/p>\n","protected":false},"excerpt":{"rendered":"<p>El Mercado Agr\u00edcola regresar\u00e1 a la Plaza de Santiago el pr\u00f3ximo domingo 6 de septiembre, en su horario habitual de 9:00 a 13:30 horas. Esta cita quincenal, que se tomar\u00e1&hellip;<\/p>\n","protected":false},"author":1,"featured_media":1806,"comment_status":"open","ping_status":"open","sticky":false,"template":"","format":"standard","meta":{"wpai_generated_summary":"","wpai_meta_description":"","footnotes":""},"categories":[129],"tags":[],"class_list":["post-1805","post","type-post","status-publish","format-standard","has-post-thumbnail","hentry","category-ayuntamiento-de-galdar"],"_links":{"self":[{"href":"https:\/\/nublo.tv\/index.php\/wp-json\/wp\/v2\/posts\/1805","targetHints":{"allow":["GET"]}}],"collection":[{"href":"https:\/\/nublo.tv\/index.php\/wp-json\/wp\/v2\/posts"}],"about":[{"href":"https:\/\/nublo.tv\/index.php\/wp-json\/wp\/v2\/types\/post"}],"author":[{"embeddable":true,"href":"https:\/\/nublo.tv\/index.php\/wp-json\/wp\/v2\/users\/1"}],"replies":[{"embeddable":true,"href":"https:\/\/nublo.tv\/index.php\/wp-json\/wp\/v2\/comments?post=1805"}],"version-history":[{"count":2,"href":"https:\/\/nublo.tv\/index.php\/wp-json\/wp\/v2\/posts\/1805\/revisions"}],"predecessor-version":[{"id":18102,"href":"https:\/\/nublo.tv\/index.php\/wp-json\/wp\/v2\/posts\/1805\/revisions\/18102"}],"wp:featuredmedia":[{"embeddable":true,"href":"https:\/\/nublo.tv\/index.php\/wp-json\/wp\/v2\/media\/1806"}],"wp:attachment":[{"href":"https:\/\/nublo.tv\/index.php\/wp-json\/wp\/v2\/media?parent=1805"}],"wp:term":[{"taxonomy":"category","embeddable":true,"href":"https:\/\/nublo.tv\/index.php\/wp-json\/wp\/v2\/categories?post=1805"},{"taxonomy":"post_tag","embeddable":true,"href":"https:\/\/nublo.tv\/index.php\/wp-json\/wp\/v2\/tags?post=1805"}],"curies":[{"name":"wp","href":"https:\/\/api.w.org\/{rel}","templated":true}]}}