{"id":18078,"date":"2026-08-28T19:46:09","date_gmt":"2026-08-28T18:46:09","guid":{"rendered":"https:\/\/nublo.tv\/?p=18078"},"modified":"2026-08-28T19:46:09","modified_gmt":"2026-08-28T18:46:09","slug":"la-vara-del-pescao-de-arinaga-cumple-30-anos-con-musica-barquillas-y-mas-de-1-200-kilos-de-sardinas","status":"publish","type":"post","link":"https:\/\/nublo.tv\/index.php\/2026\/08\/28\/la-vara-del-pescao-de-arinaga-cumple-30-anos-con-musica-barquillas-y-mas-de-1-200-kilos-de-sardinas\/","title":{"rendered":"La &#8216;Var\u00e1 del Pescao&#8217; de Arinaga cumple 30 a\u00f1os con m\u00fasica, barquillas y m\u00e1s de 1.200 kilos de sardinas"},"content":{"rendered":"<p><strong>La localidad de Arinaga celebr\u00f3 este domingo la 30\u00aa edici\u00f3n de la \u2018Var\u00e1 del Pescao\u2019, una fiesta marinera que reuni\u00f3 a miles de personas con 18 barquillas, m\u00fasica tradicional y m\u00e1s de 1.200 kilos de sardinas asadas.<\/strong><\/p>\n<p>Lo que comenz\u00f3 en 1995 como un peque\u00f1o homenaje al pasado marinero del barrio se ha consolidado como una de las citas m\u00e1s populares de la isla. La jornada conmemora la labor de las familias de pescadores que se asentaron en la zona a principios del siglo XX.<\/p>\n<h3>Desfile de barquillas y m\u00fasica tradicional<\/h3>\n<p>El evento arranc\u00f3 con la llegada de las barquillas a la avenida de Los Pescadores, donde decenas de asistentes, ataviados con vestimenta marinera, acompa\u00f1aron las embarcaciones al ritmo de bucios y m\u00fasica tradicional. En total, desfilaron 18 barquillas, incluyendo la novedad de este a\u00f1o: la \u2018Vicente Hern\u00e1ndez\u2019, procedente de Punta Mujeres (Har\u00eda, Lanzarote), integrada por un grupo de diez personas.<\/p>\n<p>La m\u00fasica no falt\u00f3 en toda la tarde, con actuaciones de Merita la Pena, Grupo Tabaiba, Parranda Viejo Cafet\u00edn, Parranda El Lej\u00edo y Banda Isle\u00f1a. Al caer el sol, Star Music, Grupo Arena y DJ Promaster animaron la verbena, que culmin\u00f3 con fuegos artificiales desde el Muelle. El baile continu\u00f3 con Yeray Socorro, Apolo y el DJ Antonio Boada.<\/p>\n<h3>Programaci\u00f3n complementaria<\/h3>\n<p>La fiesta continuar\u00e1 el s\u00e1bado 29 de agosto con un torneo de petanca, el espect\u00e1culo infantil \u2018An\u00edbal el mago\u2019 y propuestas musicales dentro de \u2018Un verano al aire libre\u2019, en la Caseta del Muelle. Por la noche, la plaza de Arinaga acoger\u00e1 una fiesta ochentera de Los 40 Classic, con Ar\u00edstides Moreno &amp; 101 Brass Band, The GafaPasta y una sesi\u00f3n de DJ Juan Borr\u00e1s.<\/p>\n<p><img loading=\"lazy\" decoding=\"async\" src=\"https:\/\/aguimes.es\/wp-content\/plugins\/visual-portfolio\/assets\/images\/logo-dark.svg\" alt=\"Visual Portfolio, Posts &amp; Image Gallery para WordPress\" width=\"20\" height=\"20\" data-skip-lazy=\"\" \/><\/p>\n<p><a href=\"https:\/\/aguimes.es\/wp-content\/uploads\/2026\/08\/Tres-decadas-Vara-del-Pescao-6-1920x960.jpg\" aria-label=\"Tres decadas Vara del Pescao 6\"> <img loading=\"lazy\" decoding=\"async\" class=\"wp-image-82432\" src=\"https:\/\/aguimes.es\/wp-content\/uploads\/2026\/08\/Tres-decadas-Vara-del-Pescao-6-1920x960.jpg\" alt=\"\" width=\"1920\" height=\"960\" data-skip-lazy=\"\" \/><img loading=\"lazy\" decoding=\"async\" class=\"wp-image-82432 vp-lazyload\" src=\"https:\/\/aguimes.es\/wp-content\/uploads\/2026\/08\/Tres-decadas-Vara-del-Pescao-6-1920x960.jpg\" alt=\"\" width=\"1920\" height=\"960\" data-src=\"https:\/\/aguimes.es\/wp-content\/uploads\/2026\/08\/Tres-decadas-Vara-del-Pescao-6-1920x960.jpg\" data-srcset=\"https:\/\/aguimes.es\/wp-content\/uploads\/2026\/08\/Tres-decadas-Vara-del-Pescao-6-1920x960.jpg 1920w, https:\/\/aguimes.es\/wp-content\/uploads\/2026\/08\/Tres-decadas-Vara-del-Pescao-6-300x150.jpg 300w, https:\/\/aguimes.es\/wp-content\/uploads\/2026\/08\/Tres-decadas-Vara-del-Pescao-6-1024x512.jpg 1024w, https:\/\/aguimes.es\/wp-content\/uploads\/2026\/08\/Tres-decadas-Vara-del-Pescao-6-768x384.jpg 768w, https:\/\/aguimes.es\/wp-content\/uploads\/2026\/08\/Tres-decadas-Vara-del-Pescao-6-1536x768.jpg 1536w, https:\/\/aguimes.es\/wp-content\/uploads\/2026\/08\/Tres-decadas-Vara-del-Pescao-6-2048x1024.jpg 2048w, https:\/\/aguimes.es\/wp-content\/uploads\/2026\/08\/Tres-decadas-Vara-del-Pescao-6-500x250.jpg 500w, https:\/\/aguimes.es\/wp-content\/uploads\/2026\/08\/Tres-decadas-Vara-del-Pescao-6-800x400.jpg 800w, https:\/\/aguimes.es\/wp-content\/uploads\/2026\/08\/Tres-decadas-Vara-del-Pescao-6-1280x640.jpg 1280w, https:\/\/aguimes.es\/wp-content\/uploads\/2026\/08\/Tres-decadas-Vara-del-Pescao-6-100x50.jpg 100w, https:\/\/aguimes.es\/wp-content\/uploads\/2026\/08\/Tres-decadas-Vara-del-Pescao-6-777x389.jpg 777w, https:\/\/aguimes.es\/wp-content\/uploads\/2026\/08\/Tres-decadas-Vara-del-Pescao-6-1064x532.jpg 1064w\" data-sizes=\"auto\" \/> <\/a><\/p>\n<h2 class=\"vp-portfolio__item-meta-title\">Tres decadas Vara del Pescao 6<\/h2>\n<p><a href=\"https:\/\/aguimes.es\/wp-content\/uploads\/2026\/08\/Tres-decadas-Vara-del-Pescao-1-1920x960.jpg\" aria-label=\"Tres decadas Vara del Pescao 1\"> <img loading=\"lazy\" decoding=\"async\" class=\"wp-image-82427\" src=\"https:\/\/aguimes.es\/wp-content\/uploads\/2026\/08\/Tres-decadas-Vara-del-Pescao-1-1920x960.jpg\" alt=\"\" width=\"1920\" height=\"960\" data-skip-lazy=\"\" \/><img loading=\"lazy\" decoding=\"async\" class=\"wp-image-82427 vp-lazyload\" src=\"https:\/\/aguimes.es\/wp-content\/uploads\/2026\/08\/Tres-decadas-Vara-del-Pescao-1-1920x960.jpg\" alt=\"\" width=\"1920\" height=\"960\" data-src=\"https:\/\/aguimes.es\/wp-content\/uploads\/2026\/08\/Tres-decadas-Vara-del-Pescao-1-1920x960.jpg\" data-srcset=\"https:\/\/aguimes.es\/wp-content\/uploads\/2026\/08\/Tres-decadas-Vara-del-Pescao-1-1920x960.jpg 1920w, https:\/\/aguimes.es\/wp-content\/uploads\/2026\/08\/Tres-decadas-Vara-del-Pescao-1-300x150.jpg 300w, https:\/\/aguimes.es\/wp-content\/uploads\/2026\/08\/Tres-decadas-Vara-del-Pescao-1-1024x512.jpg 1024w, https:\/\/aguimes.es\/wp-content\/uploads\/2026\/08\/Tres-decadas-Vara-del-Pescao-1-768x384.jpg 768w, https:\/\/aguimes.es\/wp-content\/uploads\/2026\/08\/Tres-decadas-Vara-del-Pescao-1-1536x768.jpg 1536w, https:\/\/aguimes.es\/wp-content\/uploads\/2026\/08\/Tres-decadas-Vara-del-Pescao-1-2048x1024.jpg 2048w, https:\/\/aguimes.es\/wp-content\/uploads\/2026\/08\/Tres-decadas-Vara-del-Pescao-1-500x250.jpg 500w, https:\/\/aguimes.es\/wp-content\/uploads\/2026\/08\/Tres-decadas-Vara-del-Pescao-1-800x400.jpg 800w, https:\/\/aguimes.es\/wp-content\/uploads\/2026\/08\/Tres-decadas-Vara-del-Pescao-1-1280x640.jpg 1280w, https:\/\/aguimes.es\/wp-content\/uploads\/2026\/08\/Tres-decadas-Vara-del-Pescao-1-100x50.jpg 100w, https:\/\/aguimes.es\/wp-content\/uploads\/2026\/08\/Tres-decadas-Vara-del-Pescao-1-777x389.jpg 777w, https:\/\/aguimes.es\/wp-content\/uploads\/2026\/08\/Tres-decadas-Vara-del-Pescao-1-1064x532.jpg 1064w\" data-sizes=\"auto\" \/> <\/a><\/p>\n<h2 class=\"vp-portfolio__item-meta-title\">Tres decadas Vara del Pescao 1<\/h2>\n<p><a href=\"https:\/\/aguimes.es\/wp-content\/uploads\/2026\/08\/Tres-decadas-Vara-del-Pescao-5-1920x960.jpg\" aria-label=\"Tres decadas Vara del Pescao 5\"> <img loading=\"lazy\" decoding=\"async\" class=\"wp-image-82431\" src=\"https:\/\/aguimes.es\/wp-content\/uploads\/2026\/08\/Tres-decadas-Vara-del-Pescao-5-1920x960.jpg\" alt=\"\" width=\"1920\" height=\"960\" data-skip-lazy=\"\" \/><img loading=\"lazy\" decoding=\"async\" class=\"wp-image-82431 vp-lazyload\" src=\"https:\/\/aguimes.es\/wp-content\/uploads\/2026\/08\/Tres-decadas-Vara-del-Pescao-5-1920x960.jpg\" alt=\"\" width=\"1920\" height=\"960\" data-src=\"https:\/\/aguimes.es\/wp-content\/uploads\/2026\/08\/Tres-decadas-Vara-del-Pescao-5-1920x960.jpg\" data-srcset=\"https:\/\/aguimes.es\/wp-content\/uploads\/2026\/08\/Tres-decadas-Vara-del-Pescao-5-1920x960.jpg 1920w, https:\/\/aguimes.es\/wp-content\/uploads\/2026\/08\/Tres-decadas-Vara-del-Pescao-5-300x150.jpg 300w, https:\/\/aguimes.es\/wp-content\/uploads\/2026\/08\/Tres-decadas-Vara-del-Pescao-5-1024x512.jpg 1024w, https:\/\/aguimes.es\/wp-content\/uploads\/2026\/08\/Tres-decadas-Vara-del-Pescao-5-768x384.jpg 768w, https:\/\/aguimes.es\/wp-content\/uploads\/2026\/08\/Tres-decadas-Vara-del-Pescao-5-1536x768.jpg 1536w, https:\/\/aguimes.es\/wp-content\/uploads\/2026\/08\/Tres-decadas-Vara-del-Pescao-5-2048x1024.jpg 2048w, https:\/\/aguimes.es\/wp-content\/uploads\/2026\/08\/Tres-decadas-Vara-del-Pescao-5-500x250.jpg 500w, https:\/\/aguimes.es\/wp-content\/uploads\/2026\/08\/Tres-decadas-Vara-del-Pescao-5-800x400.jpg 800w, https:\/\/aguimes.es\/wp-content\/uploads\/2026\/08\/Tres-decadas-Vara-del-Pescao-5-1280x640.jpg 1280w, https:\/\/aguimes.es\/wp-content\/uploads\/2026\/08\/Tres-decadas-Vara-del-Pescao-5-100x50.jpg 100w, https:\/\/aguimes.es\/wp-content\/uploads\/2026\/08\/Tres-decadas-Vara-del-Pescao-5-777x389.jpg 777w, https:\/\/aguimes.es\/wp-content\/uploads\/2026\/08\/Tres-decadas-Vara-del-Pescao-5-1064x532.jpg 1064w\" data-sizes=\"auto\" \/> <\/a><\/p>\n<h2 class=\"vp-portfolio__item-meta-title\">Tres decadas Vara del Pescao 5<\/h2>\n<p><a href=\"https:\/\/aguimes.es\/wp-content\/uploads\/2026\/08\/Tres-decadas-Vara-del-Pescao-4-1920x960.jpg\" aria-label=\"Tres decadas Vara del Pescao 4\"> <img loading=\"lazy\" decoding=\"async\" class=\"wp-image-82430\" src=\"https:\/\/aguimes.es\/wp-content\/uploads\/2026\/08\/Tres-decadas-Vara-del-Pescao-4-1920x960.jpg\" alt=\"\" width=\"1920\" height=\"960\" data-skip-lazy=\"\" \/><img loading=\"lazy\" decoding=\"async\" class=\"wp-image-82430 vp-lazyload\" src=\"https:\/\/aguimes.es\/wp-content\/uploads\/2026\/08\/Tres-decadas-Vara-del-Pescao-4-1920x960.jpg\" alt=\"\" width=\"1920\" height=\"960\" data-src=\"https:\/\/aguimes.es\/wp-content\/uploads\/2026\/08\/Tres-decadas-Vara-del-Pescao-4-1920x960.jpg\" data-srcset=\"https:\/\/aguimes.es\/wp-content\/uploads\/2026\/08\/Tres-decadas-Vara-del-Pescao-4-1920x960.jpg 1920w, https:\/\/aguimes.es\/wp-content\/uploads\/2026\/08\/Tres-decadas-Vara-del-Pescao-4-300x150.jpg 300w, https:\/\/aguimes.es\/wp-content\/uploads\/2026\/08\/Tres-decadas-Vara-del-Pescao-4-1024x512.jpg 1024w, https:\/\/aguimes.es\/wp-content\/uploads\/2026\/08\/Tres-decadas-Vara-del-Pescao-4-768x384.jpg 768w, https:\/\/aguimes.es\/wp-content\/uploads\/2026\/08\/Tres-decadas-Vara-del-Pescao-4-1536x768.jpg 1536w, https:\/\/aguimes.es\/wp-content\/uploads\/2026\/08\/Tres-decadas-Vara-del-Pescao-4-2048x1024.jpg 2048w, https:\/\/aguimes.es\/wp-content\/uploads\/2026\/08\/Tres-decadas-Vara-del-Pescao-4-500x250.jpg 500w, https:\/\/aguimes.es\/wp-content\/uploads\/2026\/08\/Tres-decadas-Vara-del-Pescao-4-800x400.jpg 800w, https:\/\/aguimes.es\/wp-content\/uploads\/2026\/08\/Tres-decadas-Vara-del-Pescao-4-1280x640.jpg 1280w, https:\/\/aguimes.es\/wp-content\/uploads\/2026\/08\/Tres-decadas-Vara-del-Pescao-4-100x50.jpg 100w, https:\/\/aguimes.es\/wp-content\/uploads\/2026\/08\/Tres-decadas-Vara-del-Pescao-4-777x389.jpg 777w, https:\/\/aguimes.es\/wp-content\/uploads\/2026\/08\/Tres-decadas-Vara-del-Pescao-4-1064x532.jpg 1064w\" data-sizes=\"auto\" \/> <\/a><\/p>\n<h2 class=\"vp-portfolio__item-meta-title\">Tres decadas Vara del Pescao 4<\/h2>\n<p><a href=\"https:\/\/aguimes.es\/wp-content\/uploads\/2026\/08\/Tres-decadas-Vara-del-Pescao-3-1920x960.jpg\" aria-label=\"Tres decadas Vara del Pescao 3\"> <img loading=\"lazy\" decoding=\"async\" class=\"wp-image-82429\" src=\"https:\/\/aguimes.es\/wp-content\/uploads\/2026\/08\/Tres-decadas-Vara-del-Pescao-3-1920x960.jpg\" alt=\"\" width=\"1920\" height=\"960\" data-skip-lazy=\"\" \/><img loading=\"lazy\" decoding=\"async\" class=\"wp-image-82429 vp-lazyload\" src=\"https:\/\/aguimes.es\/wp-content\/uploads\/2026\/08\/Tres-decadas-Vara-del-Pescao-3-1920x960.jpg\" alt=\"\" width=\"1920\" height=\"960\" data-src=\"https:\/\/aguimes.es\/wp-content\/uploads\/2026\/08\/Tres-decadas-Vara-del-Pescao-3-1920x960.jpg\" data-srcset=\"https:\/\/aguimes.es\/wp-content\/uploads\/2026\/08\/Tres-decadas-Vara-del-Pescao-3-1920x960.jpg 1920w, https:\/\/aguimes.es\/wp-content\/uploads\/2026\/08\/Tres-decadas-Vara-del-Pescao-3-300x150.jpg 300w, https:\/\/aguimes.es\/wp-content\/uploads\/2026\/08\/Tres-decadas-Vara-del-Pescao-3-1024x512.jpg 1024w, https:\/\/aguimes.es\/wp-content\/uploads\/2026\/08\/Tres-decadas-Vara-del-Pescao-3-768x384.jpg 768w, https:\/\/aguimes.es\/wp-content\/uploads\/2026\/08\/Tres-decadas-Vara-del-Pescao-3-1536x768.jpg 1536w, https:\/\/aguimes.es\/wp-content\/uploads\/2026\/08\/Tres-decadas-Vara-del-Pescao-3-2048x1024.jpg 2048w, https:\/\/aguimes.es\/wp-content\/uploads\/2026\/08\/Tres-decadas-Vara-del-Pescao-3-500x250.jpg 500w, https:\/\/aguimes.es\/wp-content\/uploads\/2026\/08\/Tres-decadas-Vara-del-Pescao-3-800x400.jpg 800w, https:\/\/aguimes.es\/wp-content\/uploads\/2026\/08\/Tres-decadas-Vara-del-Pescao-3-1280x640.jpg 1280w, https:\/\/aguimes.es\/wp-content\/uploads\/2026\/08\/Tres-decadas-Vara-del-Pescao-3-100x50.jpg 100w, https:\/\/aguimes.es\/wp-content\/uploads\/2026\/08\/Tres-decadas-Vara-del-Pescao-3-777x389.jpg 777w, https:\/\/aguimes.es\/wp-content\/uploads\/2026\/08\/Tres-decadas-Vara-del-Pescao-3-1064x532.jpg 1064w\" data-sizes=\"auto\" \/> <\/a><\/p>\n<h2 class=\"vp-portfolio__item-meta-title\">Tres decadas Vara del Pescao 3<\/h2>\n<p><a href=\"https:\/\/aguimes.es\/wp-content\/uploads\/2026\/08\/Tres-decadas-Vara-del-Pescao-2-1920x960.jpg\" aria-label=\"Tres decadas Vara del Pescao 2\"> <img loading=\"lazy\" decoding=\"async\" class=\"wp-image-82428\" src=\"https:\/\/aguimes.es\/wp-content\/uploads\/2026\/08\/Tres-decadas-Vara-del-Pescao-2-1920x960.jpg\" alt=\"\" width=\"1920\" height=\"960\" data-skip-lazy=\"\" \/><img loading=\"lazy\" decoding=\"async\" class=\"wp-image-82428 vp-lazyload\" src=\"https:\/\/aguimes.es\/wp-content\/uploads\/2026\/08\/Tres-decadas-Vara-del-Pescao-2-1920x960.jpg\" alt=\"\" width=\"1920\" height=\"960\" data-src=\"https:\/\/aguimes.es\/wp-content\/uploads\/2026\/08\/Tres-decadas-Vara-del-Pescao-2-1920x960.jpg\" data-srcset=\"https:\/\/aguimes.es\/wp-content\/uploads\/2026\/08\/Tres-decadas-Vara-del-Pescao-2-1920x960.jpg 1920w, https:\/\/aguimes.es\/wp-content\/uploads\/2026\/08\/Tres-decadas-Vara-del-Pescao-2-300x150.jpg 300w, https:\/\/aguimes.es\/wp-content\/uploads\/2026\/08\/Tres-decadas-Vara-del-Pescao-2-1024x512.jpg 1024w, https:\/\/aguimes.es\/wp-content\/uploads\/2026\/08\/Tres-decadas-Vara-del-Pescao-2-768x384.jpg 768w, https:\/\/aguimes.es\/wp-content\/uploads\/2026\/08\/Tres-decadas-Vara-del-Pescao-2-1536x768.jpg 1536w, https:\/\/aguimes.es\/wp-content\/uploads\/2026\/08\/Tres-decadas-Vara-del-Pescao-2-2048x1024.jpg 2048w, https:\/\/aguimes.es\/wp-content\/uploads\/2026\/08\/Tres-decadas-Vara-del-Pescao-2-500x250.jpg 500w, https:\/\/aguimes.es\/wp-content\/uploads\/2026\/08\/Tres-decadas-Vara-del-Pescao-2-800x400.jpg 800w, https:\/\/aguimes.es\/wp-content\/uploads\/2026\/08\/Tres-decadas-Vara-del-Pescao-2-1280x640.jpg 1280w, https:\/\/aguimes.es\/wp-content\/uploads\/2026\/08\/Tres-decadas-Vara-del-Pescao-2-100x50.jpg 100w, https:\/\/aguimes.es\/wp-content\/uploads\/2026\/08\/Tres-decadas-Vara-del-Pescao-2-777x389.jpg 777w, https:\/\/aguimes.es\/wp-content\/uploads\/2026\/08\/Tres-decadas-Vara-del-Pescao-2-1064x532.jpg 1064w\" data-sizes=\"auto\" \/> <\/a><\/p>\n<h2 class=\"vp-portfolio__item-meta-title\">Tres decadas Vara del Pescao 2<\/h2>\n","protected":false},"excerpt":{"rendered":"<p>La m\u00fasica, el baile y la tradici\u00f3n protagonizaron la romer\u00eda marinera, que cont\u00f3 con 18 barquillas y m\u00e1s de 1.200 kilos de sardinas asadas.&nbsp;&nbsp;&nbsp;&nbsp;&nbsp;&nbsp;&nbsp; Lo que comenz\u00f3 all\u00e1 por 1995&hellip;<\/p>\n","protected":false},"author":1,"featured_media":18081,"comment_status":"open","ping_status":"open","sticky":false,"template":"","format":"standard","meta":{"wpai_generated_summary":"","wpai_meta_description":"","footnotes":""},"categories":[125],"tags":[],"class_list":["post-18078","post","type-post","status-publish","format-standard","has-post-thumbnail","hentry","category-ayuntamiento-de-aguimes"],"_links":{"self":[{"href":"https:\/\/nublo.tv\/index.php\/wp-json\/wp\/v2\/posts\/18078","targetHints":{"allow":["GET"]}}],"collection":[{"href":"https:\/\/nublo.tv\/index.php\/wp-json\/wp\/v2\/posts"}],"about":[{"href":"https:\/\/nublo.tv\/index.php\/wp-json\/wp\/v2\/types\/post"}],"author":[{"embeddable":true,"href":"https:\/\/nublo.tv\/index.php\/wp-json\/wp\/v2\/users\/1"}],"replies":[{"embeddable":true,"href":"https:\/\/nublo.tv\/index.php\/wp-json\/wp\/v2\/comments?post=18078"}],"version-history":[{"count":2,"href":"https:\/\/nublo.tv\/index.php\/wp-json\/wp\/v2\/posts\/18078\/revisions"}],"predecessor-version":[{"id":18082,"href":"https:\/\/nublo.tv\/index.php\/wp-json\/wp\/v2\/posts\/18078\/revisions\/18082"}],"wp:featuredmedia":[{"embeddable":true,"href":"https:\/\/nublo.tv\/index.php\/wp-json\/wp\/v2\/media\/18081"}],"wp:attachment":[{"href":"https:\/\/nublo.tv\/index.php\/wp-json\/wp\/v2\/media?parent=18078"}],"wp:term":[{"taxonomy":"category","embeddable":true,"href":"https:\/\/nublo.tv\/index.php\/wp-json\/wp\/v2\/categories?post=18078"},{"taxonomy":"post_tag","embeddable":true,"href":"https:\/\/nublo.tv\/index.php\/wp-json\/wp\/v2\/tags?post=18078"}],"curies":[{"name":"wp","href":"https:\/\/api.w.org\/{rel}","templated":true}]}}