{"id":18089,"date":"2026-08-29T00:48:42","date_gmt":"2026-08-28T23:48:42","guid":{"rendered":"https:\/\/nublo.tv\/?p=18089"},"modified":"2026-08-31T00:04:56","modified_gmt":"2026-08-30T23:04:56","slug":"las-carrozas-de-barrial-llenan-de-naturaleza-la-cabalgata-de-sus-fiestas","status":"publish","type":"post","link":"https:\/\/nublo.tv\/index.php\/2026\/08\/29\/las-carrozas-de-barrial-llenan-de-naturaleza-la-cabalgata-de-sus-fiestas\/","title":{"rendered":"Las carrozas de Barrial llenan de naturaleza la Cabalgata de sus fiestas"},"content":{"rendered":"<p>Barrial vivi\u00f3 este viernes 28 de agosto uno de los primeros grandes momentos de su fin de semana grande de las Fiestas en honor a Nuestra Se\u00f1ora de los Desamparados con la celebraci\u00f3n de la Cabalgata de Carrozas, uno de los actos que cada a\u00f1o congrega a un mayor n\u00famero de p\u00fablico y que volvi\u00f3 a llenar las calles del barrio de color, m\u00fasica, creatividad y participaci\u00f3n.<\/p>\n<p>La naturaleza fue el hilo conductor de las cinco carrozas que formaron parte del desfile, una tem\u00e1tica que permiti\u00f3 representar diferentes espacios, oficios y elementos vinculados al entorno natural. Una granja, una propuesta dedicada a la apicultura, la sabana, un jard\u00edn convencional y una quinta carroza protagonizada por el Rey y las Reinas infantiles y adultas de las fiestas, con una gran mariposa como elemento central, fueron las propuestas que pudieron contemplarse durante el recorrido.<\/p>\n<p>M\u00e1s de 50 participantes de tres generaciones dieron vida a las carrozas, demostrando una vez m\u00e1s el car\u00e1cter familiar y participativo de unas fiestas que tienen en la implicaci\u00f3n de sus vecinos una de sus principales se\u00f1as de identidad. Ni\u00f1os, j\u00f3venes y adultos compartieron protagonismo en una noche en la que tambi\u00e9n qued\u00f3 patente el trabajo que existe detr\u00e1s de cada una de las propuestas.<\/p>\n<p>Las carrozas fueron dise\u00f1adas por la Comisi\u00f3n de Fiestas, que volvi\u00f3 a dedicar tiempo, esfuerzo y creatividad para que uno de los actos m\u00e1s esperados de las fiestas mantuviera todo su esplendor. La elecci\u00f3n de la naturaleza como tem\u00e1tica permiti\u00f3 adem\u00e1s incorporar un mensaje de respeto y cuidado hacia el entorno, uniendo la diversi\u00f3n propia de la Cabalgata con la importancia de conservar los espacios naturales.<\/p>\n<p>Pepe Garc\u00eda, presidente de la A.V. \u201cAmagro\u201d de Barrial, destac\u00f3 la participaci\u00f3n registrada durante el acto y el trabajo realizado para sacar adelante las cinco carrozas: \u00abEstamos muy satisfechos con el resultado y, sobre todo, con la participaci\u00f3n. Ver a m\u00e1s de 50 personas de tres generaciones implicadas en las carrozas demuestra que las fiestas de Barrial siguen siendo una celebraci\u00f3n de todos y para todos. Detr\u00e1s de cada carroza hay muchas horas de trabajo, ilusi\u00f3n y dedicaci\u00f3n por parte de la Comisi\u00f3n de Fiestas y de todas las personas que han querido colaborar, y el resultado ha merecido la pena\u00bb.<\/p>\n<p>El presidente vecinal puso tambi\u00e9n en valor la tem\u00e1tica escogida para esta edici\u00f3n: \u00abQuer\u00edamos que las carrozas tuvieran tambi\u00e9n un mensaje y la naturaleza nos permit\u00eda jugar con muchas ideas diferentes, desde la granja y la apicultura hasta la sabana o el jard\u00edn. Hemos conseguido unir creatividad, diversi\u00f3n y conciencia sobre la importancia de cuidar nuestro entorno, sin perder la esencia de un acto que forma parte de las fiestas y que la gente espera cada a\u00f1o\u00bb.<\/p>\n<p>La m\u00fasica y la animaci\u00f3n acompa\u00f1aron el recorrido de principio a fin con la participaci\u00f3n de las bandas Guiniguada y Vitamina Band, los Papag\u00fcevos de San Isidro y la batucada, que aportaron ritmo a una noche en la que las calles de Barrial volvieron a convertirse en un gran espacio de encuentro para vecinos y visitantes.<\/p>\n<p>La presencia de tres generaciones fue una de las im\u00e1genes m\u00e1s significativas de la jornada. Los m\u00e1s peque\u00f1os compartieron el protagonismo con j\u00f3venes y adultos, reflejando c\u00f3mo las fiestas contin\u00faan siendo un punto de encuentro en el que las tradiciones se viven y se transmiten de una generaci\u00f3n a otra.<\/p>\n<p>Pepe Garc\u00eda quiso agradecer tambi\u00e9n la implicaci\u00f3n de todas las personas que participaron y acompa\u00f1aron la Cabalgata: \u00abBarrial volvi\u00f3 a salir a la calle y eso es lo m\u00e1s importante. Las fiestas tienen sentido cuando la gente participa, cuando las familias se encuentran y cuando nuestros ni\u00f1os y j\u00f3venes comparten estos momentos con quienes llevan muchos a\u00f1os viviendo nuestras tradiciones. Esa uni\u00f3n entre generaciones es una de las mayores riquezas que tenemos\u00bb.<\/p>\n<p>Una vez finalizado el desfile, la fiesta continu\u00f3 en la Plaza Jos\u00e9 Rodr\u00edguez Quintana con las actuaciones de Que Chimba y Tacones Rojos, que pusieron m\u00fasica a una noche que mantuvo el ambiente festivo y la participaci\u00f3n.<\/p>\n<p>La Cabalgata volvi\u00f3 a dejar as\u00ed una de las estampas m\u00e1s representativas de las fiestas de Barrial, con cinco carrozas dedicadas a la naturaleza, m\u00e1s de medio centenar de participantes y tres generaciones compartiendo una misma celebraci\u00f3n. Una noche en la que el barrio volvi\u00f3 a demostrar su capacidad para reunirse en torno a sus fiestas y mantener vivo el esp\u00edritu de participaci\u00f3n que las caracteriza.<\/p>\n","protected":false},"excerpt":{"rendered":"<p>Barrial vivi\u00f3 este viernes 28 de agosto uno de los primeros grandes momentos de su fin de semana grande de las Fiestas en honor a Nuestra Se\u00f1ora de los Desamparados con la celebraci\u00f3n de la Cabalgata de Carrozas, uno de los actos que cada a\u00f1o congrega a un mayor n\u00famero de p\u00fablico y que volvi\u00f3 [&hellip;]<\/p>\n","protected":false},"author":50,"featured_media":18090,"comment_status":"open","ping_status":"open","sticky":false,"template":"","format":"standard","meta":{"wpai_generated_summary":"","wpai_meta_description":"","footnotes":""},"categories":[153],"tags":[],"class_list":["post-18089","post","type-post","status-publish","format-standard","has-post-thumbnail","hentry","category-galdar"],"_links":{"self":[{"href":"https:\/\/nublo.tv\/index.php\/wp-json\/wp\/v2\/posts\/18089","targetHints":{"allow":["GET"]}}],"collection":[{"href":"https:\/\/nublo.tv\/index.php\/wp-json\/wp\/v2\/posts"}],"about":[{"href":"https:\/\/nublo.tv\/index.php\/wp-json\/wp\/v2\/types\/post"}],"author":[{"embeddable":true,"href":"https:\/\/nublo.tv\/index.php\/wp-json\/wp\/v2\/users\/50"}],"replies":[{"embeddable":true,"href":"https:\/\/nublo.tv\/index.php\/wp-json\/wp\/v2\/comments?post=18089"}],"version-history":[{"count":1,"href":"https:\/\/nublo.tv\/index.php\/wp-json\/wp\/v2\/posts\/18089\/revisions"}],"predecessor-version":[{"id":18091,"href":"https:\/\/nublo.tv\/index.php\/wp-json\/wp\/v2\/posts\/18089\/revisions\/18091"}],"wp:featuredmedia":[{"embeddable":true,"href":"https:\/\/nublo.tv\/index.php\/wp-json\/wp\/v2\/media\/18090"}],"wp:attachment":[{"href":"https:\/\/nublo.tv\/index.php\/wp-json\/wp\/v2\/media?parent=18089"}],"wp:term":[{"taxonomy":"category","embeddable":true,"href":"https:\/\/nublo.tv\/index.php\/wp-json\/wp\/v2\/categories?post=18089"},{"taxonomy":"post_tag","embeddable":true,"href":"https:\/\/nublo.tv\/index.php\/wp-json\/wp\/v2\/tags?post=18089"}],"curies":[{"name":"wp","href":"https:\/\/api.w.org\/{rel}","templated":true}]}}