{"id":1809,"date":"2026-08-06T12:27:01","date_gmt":"2026-08-06T11:27:01","guid":{"rendered":"https:\/\/nublo.tv\/?p=1809"},"modified":"2026-08-27T12:35:26","modified_gmt":"2026-08-27T11:35:26","slug":"banda-municipal-ciudad-de-guia-se-reencontrara-este-viernes-con-su-publico-en-la-plaza-grande","status":"publish","type":"post","link":"https:\/\/nublo.tv\/index.php\/2026\/08\/06\/banda-municipal-ciudad-de-guia-se-reencontrara-este-viernes-con-su-publico-en-la-plaza-grande\/","title":{"rendered":"Banda Municipal Ciudad de Gu\u00eda se reencontrar\u00e1 este viernes con su p\u00fablico en la Plaza Grande"},"content":{"rendered":"<p style=\"text-align: left\">\u25cf <strong>El concierto, que comenzar\u00e1 a las 21:00 horas, tendr\u00e1 un significado especial con el debut de varios j\u00f3venes componentes de la formaci\u00f3n<\/strong><br \/>\nLa Banda Municipal Ciudad de Gu\u00eda ofrecer\u00e1 este viernes 7 de agosto, a las 21:00 horas, uno de los conciertos m\u00e1s esperados de la programaci\u00f3n de las Fiestas de la Virgen de Gu\u00eda. La actuaci\u00f3n tendr\u00e1 lugar en la Plaza Grande, que volver\u00e1 a convertirse en un gran espacio de encuentro alrededor de la m\u00fasica.<br \/>\nLa formaci\u00f3n municipal regresar\u00e1 as\u00ed a uno de los escenarios m\u00e1s emblem\u00e1ticos del municipio para reencontrarse con un p\u00fablico que, a\u00f1o tras a\u00f1o, responde a esta cita con el cari\u00f1o, el orgullo y el reconocimiento hacia una agrupaci\u00f3n estrechamente vinculada a la historia cultural del municipio.<br \/>\nEl concierto tendr\u00e1, adem\u00e1s, un significado especialmente emotivo para varios j\u00f3venes integrantes que debutar\u00e1n esa noche con la Banda Municipal. Su incorporaci\u00f3n representa el presente y el futuro de una formaci\u00f3n que contin\u00faa renov\u00e1ndose y favoreciendo la participaci\u00f3n de nuevas generaciones de m\u00fasicos.<br \/>\nLa actuaci\u00f3n permitir\u00e1 mostrar el trabajo desarrollado por sus componentes y pondr\u00e1 de manifiesto la importancia de la formaci\u00f3n musical y del relevo generacional para garantizar la continuidad de una agrupaci\u00f3n profundamente arraigada en la vida cultural y festiva del municipio.<br \/>\nLa Banda Municipal Ciudad de Gu\u00eda volver\u00e1 a ocupar el centro de las fiestas con una velada en la que la m\u00fasica, la tradici\u00f3n y la emoci\u00f3n se dar\u00e1n cita en la Plaza Grande, acompa\u00f1adas por el respaldo habitual del p\u00fablico guiense.<\/p>\n<p>El concierto est\u00e1 organizado por la Concejal\u00eda de Cultura del Ayuntamiento de Santa Mar\u00eda de Gu\u00eda, con la participaci\u00f3n de las Escuelas Art\u00edsticas Municipales Ciudad de Gu\u00eda.<\/p>\n","protected":false},"excerpt":{"rendered":"<p>\u25cf El concierto, que comenzar\u00e1 a las 21:00 horas, tendr\u00e1 un significado especial con el debut de varios j\u00f3venes componentes de la formaci\u00f3n La Banda Municipal Ciudad de Gu\u00eda ofrecer\u00e1&hellip;<\/p>\n","protected":false},"author":1,"featured_media":1810,"comment_status":"open","ping_status":"open","sticky":false,"template":"","format":"standard","meta":{"wpai_generated_summary":"","wpai_meta_description":"","footnotes":""},"categories":[138],"tags":[],"class_list":["post-1809","post","type-post","status-publish","format-standard","has-post-thumbnail","hentry","category-ayuntamiento-de-santa-maria-de-guia"],"_links":{"self":[{"href":"https:\/\/nublo.tv\/index.php\/wp-json\/wp\/v2\/posts\/1809","targetHints":{"allow":["GET"]}}],"collection":[{"href":"https:\/\/nublo.tv\/index.php\/wp-json\/wp\/v2\/posts"}],"about":[{"href":"https:\/\/nublo.tv\/index.php\/wp-json\/wp\/v2\/types\/post"}],"author":[{"embeddable":true,"href":"https:\/\/nublo.tv\/index.php\/wp-json\/wp\/v2\/users\/1"}],"replies":[{"embeddable":true,"href":"https:\/\/nublo.tv\/index.php\/wp-json\/wp\/v2\/comments?post=1809"}],"version-history":[{"count":1,"href":"https:\/\/nublo.tv\/index.php\/wp-json\/wp\/v2\/posts\/1809\/revisions"}],"predecessor-version":[{"id":1813,"href":"https:\/\/nublo.tv\/index.php\/wp-json\/wp\/v2\/posts\/1809\/revisions\/1813"}],"wp:featuredmedia":[{"embeddable":true,"href":"https:\/\/nublo.tv\/index.php\/wp-json\/wp\/v2\/media\/1810"}],"wp:attachment":[{"href":"https:\/\/nublo.tv\/index.php\/wp-json\/wp\/v2\/media?parent=1809"}],"wp:term":[{"taxonomy":"category","embeddable":true,"href":"https:\/\/nublo.tv\/index.php\/wp-json\/wp\/v2\/categories?post=1809"},{"taxonomy":"post_tag","embeddable":true,"href":"https:\/\/nublo.tv\/index.php\/wp-json\/wp\/v2\/tags?post=1809"}],"curies":[{"name":"wp","href":"https:\/\/api.w.org\/{rel}","templated":true}]}}