{"id":18092,"date":"2026-08-29T08:38:56","date_gmt":"2026-08-29T07:38:56","guid":{"rendered":"https:\/\/nublo.tv\/?p=18092"},"modified":"2026-08-29T08:38:56","modified_gmt":"2026-08-29T07:38:56","slug":"el-cabildo-refuerza-la-vigilancia-en-las-dunas-de-maspalomas-con-un-dispositivo-especial-al-atardecer","status":"publish","type":"post","link":"https:\/\/nublo.tv\/index.php\/2026\/08\/29\/el-cabildo-refuerza-la-vigilancia-en-las-dunas-de-maspalomas-con-un-dispositivo-especial-al-atardecer\/","title":{"rendered":"El Cabildo refuerza la vigilancia en las Dunas de Maspalomas con un dispositivo especial al atardecer"},"content":{"rendered":"<p><strong>El Cabildo de Gran Canaria reforz\u00f3 este viernes la vigilancia en la Reserva Natural Especial de las Dunas de Maspalomas con un dispositivo especial durante el atardecer, una de las horas de mayor afluencia de visitantes.<\/strong><\/p>\n<p>Una decena de efectivos, entre agentes de Medio Ambiente, Guardia Civil (SEPRONA), Polic\u00eda Canaria y Polic\u00eda Local de San Bartolom\u00e9 de Tirajana, particip\u00f3 en el operativo, que cont\u00f3 adem\u00e1s con una unidad de drones aportada por la Polic\u00eda Local.<\/p>\n<p>El objetivo principal fue informar y reconducir a los visitantes que transitaban por zonas de exclusi\u00f3n o uso restringido hacia los senderos habilitados, para minimizar el impacto sobre la flora y fauna del ecosistema.<\/p>\n<h3>Mensajes de concienciaci\u00f3n en tres idiomas<\/h3>\n<p>El consejero de Medio Ambiente, Clima, Energ\u00eda y Conocimiento, Ra\u00fal Garc\u00eda Brink, destac\u00f3 que el Cabildo ha reforzado la protecci\u00f3n del espacio con un servicio de megafon\u00eda en el Mirador de las Dunas. Se trata de una iniciativa piloto que emite mensajes al amanecer y al atardecer en espa\u00f1ol, ingl\u00e9s y alem\u00e1n para recordar a los visitantes la importancia de respetar las normas.<\/p>\n<p>Garc\u00eda Brink subray\u00f3 que \u00abseguimos reforzando las medidas para proteger un espacio tan fr\u00e1gil y singular como las Dunas de Maspalomas\u00bb y record\u00f3 que \u00abla conservaci\u00f3n de este enclave depende tambi\u00e9n de la colaboraci\u00f3n y el comportamiento responsable de quienes lo visitan\u00bb.<\/p>\n<h3>Operativo en fase piloto<\/h3>\n<p>Desde el 26 de agosto, el servicio de megafon\u00eda, instalado por la empresa SODETEGC, funciona durante el amanecer y el atardecer, momentos en los que cerca de un millar de personas pasan diariamente por la zona, seg\u00fan datos de los sensores del proyecto Impulsa Maspalomas.<\/p>\n<p>Los mensajes, que se emiten cada 15 minutos entre las 7:30 y las 10:00 horas y entre las 18:00 y las 21:00 horas, recuerdan a los visitantes que se encuentran en un Espacio Natural Protegido y les instan a transitar solo por los senderos autorizados, respetando las indicaciones y contribuyendo a su conservaci\u00f3n.<\/p>\n<figure class=\"nublo-custom-player-media\"><figcaption style=\"font-weight: 600;margin-bottom: 6px;font-size: 0.95em;color: #333\">\ud83c\udfa7 Mensaje megafoni\u0301a Dunas de Maspalomas<\/figcaption><img decoding=\"async\" style=\"max-width: 100%;height: auto\" src=\"http:\/\/nublo.tv\/wp-content\/uploads\/2026\/08\/word_media_1787988002_9_image1.png\" alt=\"\" \/><audio style=\"width: 100%;display: block;margin-top: 8px\" src=\"http:\/\/nublo.tv\/wp-content\/uploads\/2026\/08\/mail_attach_1529_3_1787988002.wav\" controls=\"controls\"><\/audio><\/figure>\n","protected":false},"excerpt":{"rendered":"<p>El Cabildo intensifica la vigilancia en las Dunas de Maspalomas con un dispositivo especial al atardecer Una decena de efectivos participa en un operativo para informar y reconducir a los&hellip;<\/p>\n","protected":false},"author":1,"featured_media":18093,"comment_status":"open","ping_status":"open","sticky":false,"template":"","format":"standard","meta":{"wpai_generated_summary":"","wpai_meta_description":"","footnotes":""},"categories":[148],"tags":[],"class_list":["post-18092","post","type-post","status-publish","format-standard","has-post-thumbnail","hentry","category-cabildo-de-gran-canaria"],"_links":{"self":[{"href":"https:\/\/nublo.tv\/index.php\/wp-json\/wp\/v2\/posts\/18092","targetHints":{"allow":["GET"]}}],"collection":[{"href":"https:\/\/nublo.tv\/index.php\/wp-json\/wp\/v2\/posts"}],"about":[{"href":"https:\/\/nublo.tv\/index.php\/wp-json\/wp\/v2\/types\/post"}],"author":[{"embeddable":true,"href":"https:\/\/nublo.tv\/index.php\/wp-json\/wp\/v2\/users\/1"}],"replies":[{"embeddable":true,"href":"https:\/\/nublo.tv\/index.php\/wp-json\/wp\/v2\/comments?post=18092"}],"version-history":[{"count":3,"href":"https:\/\/nublo.tv\/index.php\/wp-json\/wp\/v2\/posts\/18092\/revisions"}],"predecessor-version":[{"id":18096,"href":"https:\/\/nublo.tv\/index.php\/wp-json\/wp\/v2\/posts\/18092\/revisions\/18096"}],"wp:featuredmedia":[{"embeddable":true,"href":"https:\/\/nublo.tv\/index.php\/wp-json\/wp\/v2\/media\/18093"}],"wp:attachment":[{"href":"https:\/\/nublo.tv\/index.php\/wp-json\/wp\/v2\/media?parent=18092"}],"wp:term":[{"taxonomy":"category","embeddable":true,"href":"https:\/\/nublo.tv\/index.php\/wp-json\/wp\/v2\/categories?post=18092"},{"taxonomy":"post_tag","embeddable":true,"href":"https:\/\/nublo.tv\/index.php\/wp-json\/wp\/v2\/tags?post=18092"}],"curies":[{"name":"wp","href":"https:\/\/api.w.org\/{rel}","templated":true}]}}