{"id":1811,"date":"2026-08-06T12:27:01","date_gmt":"2026-08-06T11:27:01","guid":{"rendered":"https:\/\/nublo.tv\/?p=1811"},"modified":"2026-08-27T12:35:26","modified_gmt":"2026-08-27T11:35:26","slug":"el-cuento-las-cartas-de-guia-de-santiago-gil-y-lorena-j-ossorio-recorre-quinientos-anos-de-la-historia-del-municipio-a-traves-de-personajes-reales-y-ficticios","status":"publish","type":"post","link":"https:\/\/nublo.tv\/index.php\/2026\/08\/06\/el-cuento-las-cartas-de-guia-de-santiago-gil-y-lorena-j-ossorio-recorre-quinientos-anos-de-la-historia-del-municipio-a-traves-de-personajes-reales-y-ficticios\/","title":{"rendered":"El cuento Las cartas de Gu\u00eda, de Santiago Gil y Lorena J. Ossorio, recorre quinientos a\u00f1os de la historia del municipio a trav\u00e9s de personajes reales y ficticios"},"content":{"rendered":"<p>\u25cf <strong>El libro, presentado en la Casa de la Cultura, se adentra en diferentes \u00e9pocas y escenarios reconocibles, construyendo una narraci\u00f3n en la que realidad e imaginaci\u00f3n estrechan lazos<\/strong><\/p>\n<p>La Casa de la Cultura de Gu\u00eda acogi\u00f3 este mi\u00e9rcoles la presentaci\u00f3n del cuento ilustrado \u2018Las Cartas de Gu\u00eda\u2019, una cita que cont\u00f3 con una importante afluencia de p\u00fablico y despert\u00f3 un gran inter\u00e9s entre las personas asistentes. La obra, escrita por Santiago Gil e ilustrada por Lorena J. Ossorio, propone un recorrido literario y visual por cerca de quinientos a\u00f1os de la historia de Gu\u00eda en menos de treinta p\u00e1ginas. A trav\u00e9s de una combinaci\u00f3n de personajes reales y otros nacidos de la imaginaci\u00f3n del autor, el relato utiliza la ficci\u00f3n como herramienta para acercarse a la memoria, la identidad y la vida cotidiana del municipio.<br \/>\nLas Cartas de Gu\u00eda se adentra en diferentes \u00e9pocas y escenarios reconocibles de la localidad, construyendo una narraci\u00f3n en la que realidad e imaginaci\u00f3n estrechan lazos. El cuento recupera personajes relevantes de la historia guiense y los re\u00fane con figuras ficticias para ofrecer una mirada cercana y amena sobre el pasado del municipio.<br \/>\nLas ilustraciones de Lorena J. Ossorio acompa\u00f1an y enriquecen el texto, aportando viveza, expresividad y una mayor complicidad con cada una de las historias narradas. Sus im\u00e1genes permiten reconocer calles, plazas, edificios y paisajes vinculados a la memoria colectiva de Gu\u00eda de Gran Canaria.<br \/>\nLa estrecha relaci\u00f3n de los autores con el municipio constituye uno de los elementos esenciales de la publicaci\u00f3n. Tanto Santiago Gil como Lorena J. Ossorio vivieron su infancia y juventud entre muchas de las calles y plazas representadas en el cuento, una vinculaci\u00f3n personal que se refleja en el car\u00e1cter cercano y evocador de la obra.<\/p>\n<p>El numeroso p\u00fablico que acudi\u00f3 a la Casa de la Cultura respald\u00f3 una propuesta que acerca la historia local a lectores de distintas edades mediante un formato accesible, atractivo y cargado de referencias al patrimonio cultural y humano de Gu\u00eda.<br \/>\nLa presentaci\u00f3n estuvo organizada por la Concejal\u00eda de Cultura del Ayuntamiento de Gu\u00eda de Gran Canaria, con la colaboraci\u00f3n del Gobierno de Canarias.<\/p>\n","protected":false},"excerpt":{"rendered":"<p>\u25cf El libro, presentado en la Casa de la Cultura, se adentra en diferentes \u00e9pocas y escenarios reconocibles, construyendo una narraci\u00f3n en la que realidad e imaginaci\u00f3n estrechan lazos La&hellip;<\/p>\n","protected":false},"author":1,"featured_media":1812,"comment_status":"open","ping_status":"open","sticky":false,"template":"","format":"standard","meta":{"wpai_generated_summary":"","wpai_meta_description":"","footnotes":""},"categories":[138],"tags":[],"class_list":["post-1811","post","type-post","status-publish","format-standard","has-post-thumbnail","hentry","category-ayuntamiento-de-santa-maria-de-guia"],"_links":{"self":[{"href":"https:\/\/nublo.tv\/index.php\/wp-json\/wp\/v2\/posts\/1811","targetHints":{"allow":["GET"]}}],"collection":[{"href":"https:\/\/nublo.tv\/index.php\/wp-json\/wp\/v2\/posts"}],"about":[{"href":"https:\/\/nublo.tv\/index.php\/wp-json\/wp\/v2\/types\/post"}],"author":[{"embeddable":true,"href":"https:\/\/nublo.tv\/index.php\/wp-json\/wp\/v2\/users\/1"}],"replies":[{"embeddable":true,"href":"https:\/\/nublo.tv\/index.php\/wp-json\/wp\/v2\/comments?post=1811"}],"version-history":[{"count":1,"href":"https:\/\/nublo.tv\/index.php\/wp-json\/wp\/v2\/posts\/1811\/revisions"}],"predecessor-version":[{"id":1814,"href":"https:\/\/nublo.tv\/index.php\/wp-json\/wp\/v2\/posts\/1811\/revisions\/1814"}],"wp:featuredmedia":[{"embeddable":true,"href":"https:\/\/nublo.tv\/index.php\/wp-json\/wp\/v2\/media\/1812"}],"wp:attachment":[{"href":"https:\/\/nublo.tv\/index.php\/wp-json\/wp\/v2\/media?parent=1811"}],"wp:term":[{"taxonomy":"category","embeddable":true,"href":"https:\/\/nublo.tv\/index.php\/wp-json\/wp\/v2\/categories?post=1811"},{"taxonomy":"post_tag","embeddable":true,"href":"https:\/\/nublo.tv\/index.php\/wp-json\/wp\/v2\/tags?post=1811"}],"curies":[{"name":"wp","href":"https:\/\/api.w.org\/{rel}","templated":true}]}}