{"id":1818,"date":"2026-08-06T12:39:26","date_gmt":"2026-08-06T11:39:26","guid":{"rendered":"https:\/\/nublo.tv\/?p=1818"},"modified":"2026-08-27T12:35:26","modified_gmt":"2026-08-27T11:35:26","slug":"corte-carretera-albergue-las-cuevas","status":"publish","type":"post","link":"https:\/\/nublo.tv\/index.php\/2026\/08\/06\/corte-carretera-albergue-las-cuevas\/","title":{"rendered":"CORTE CARRETERA ALBERGUE LAS CUEVAS"},"content":{"rendered":"<div class=\"wp-block-image\">\n<figure class=\"aligncenter size-large\"><img loading=\"lazy\" decoding=\"async\" width=\"819\" height=\"1024\" src=\"https:\/\/www.artenara.es\/portal-ciudadano\/wp-content\/uploads\/2026\/08\/CARTEL-CORTE-CARRETERA-LAS-CUEVAS-819x1024.png\" alt=\"\" class=\"wp-image-16244\" \/><\/figure>\n<\/div>\n<p class=\"wp-block-paragraph\"><strong><img decoding=\"async\" src=\"https:\/\/s.w.org\/images\/core\/emoji\/17.0.2\/72x72\/1f6a7.png\" alt=\"\ud83d\udea7\" class=\"wp-smiley\" style=\"height: 1em;max-height: 1em\" \/> INFORMACI\u00d3N DE INTER\u00c9S <img decoding=\"async\" src=\"https:\/\/s.w.org\/images\/core\/emoji\/17.0.2\/72x72\/1f6a7.png\" alt=\"\ud83d\udea7\" class=\"wp-smiley\" style=\"height: 1em;max-height: 1em\" \/><\/strong><\/p>\n<p class=\"wp-block-paragraph\">CORTE DE TR\u00c1FICO CARRETERA ZONA ALBERGUE LAS CUEVAS<\/p>\n<p class=\"wp-block-paragraph\">Se comunica el cierre temporal de la carretera de acceso al Albergue de Las Cuevas por obras.<\/p>\n<p class=\"wp-block-paragraph\">El cierre se realizar\u00e1 durante las 24 horas desde el d\u00eda 10\/08\/26 hasta finalizaci\u00f3n de obras.<\/p>\n<p class=\"wp-block-paragraph\">Disculpen las molestias<\/p>\n","protected":false},"excerpt":{"rendered":"<p>INFORMACI\u00d3N DE INTER\u00c9S CORTE DE TR\u00c1FICO CARRETERA ZONA ALBERGUE LAS CUEVAS Se comunica el cierre temporal de la carretera de acceso al Albergue de Las Cuevas por obras. El cierre&hellip;<\/p>\n","protected":false},"author":1,"featured_media":1819,"comment_status":"open","ping_status":"open","sticky":false,"template":"","format":"standard","meta":{"wpai_generated_summary":"","wpai_meta_description":"","footnotes":""},"categories":[127],"tags":[],"class_list":["post-1818","post","type-post","status-publish","format-standard","has-post-thumbnail","hentry","category-ayuntamiento-de-arucas"],"_links":{"self":[{"href":"https:\/\/nublo.tv\/index.php\/wp-json\/wp\/v2\/posts\/1818","targetHints":{"allow":["GET"]}}],"collection":[{"href":"https:\/\/nublo.tv\/index.php\/wp-json\/wp\/v2\/posts"}],"about":[{"href":"https:\/\/nublo.tv\/index.php\/wp-json\/wp\/v2\/types\/post"}],"author":[{"embeddable":true,"href":"https:\/\/nublo.tv\/index.php\/wp-json\/wp\/v2\/users\/1"}],"replies":[{"embeddable":true,"href":"https:\/\/nublo.tv\/index.php\/wp-json\/wp\/v2\/comments?post=1818"}],"version-history":[{"count":1,"href":"https:\/\/nublo.tv\/index.php\/wp-json\/wp\/v2\/posts\/1818\/revisions"}],"predecessor-version":[{"id":1822,"href":"https:\/\/nublo.tv\/index.php\/wp-json\/wp\/v2\/posts\/1818\/revisions\/1822"}],"wp:featuredmedia":[{"embeddable":true,"href":"https:\/\/nublo.tv\/index.php\/wp-json\/wp\/v2\/media\/1819"}],"wp:attachment":[{"href":"https:\/\/nublo.tv\/index.php\/wp-json\/wp\/v2\/media?parent=1818"}],"wp:term":[{"taxonomy":"category","embeddable":true,"href":"https:\/\/nublo.tv\/index.php\/wp-json\/wp\/v2\/categories?post=1818"},{"taxonomy":"post_tag","embeddable":true,"href":"https:\/\/nublo.tv\/index.php\/wp-json\/wp\/v2\/tags?post=1818"}],"curies":[{"name":"wp","href":"https:\/\/api.w.org\/{rel}","templated":true}]}}