{"id":182,"date":"2026-08-04T17:37:06","date_gmt":"2026-08-04T16:37:06","guid":{"rendered":"https:\/\/nublo.tv\/?p=182"},"modified":"2026-08-04T17:37:06","modified_gmt":"2026-08-04T16:37:06","slug":"el-ayuntamiento-activa-el-desbroce-urgente-en-seis-carreteras","status":"publish","type":"post","link":"https:\/\/nublo.tv\/index.php\/2026\/08\/04\/el-ayuntamiento-activa-el-desbroce-urgente-en-seis-carreteras\/","title":{"rendered":"El Ayuntamiento activa el desbroce urgente en seis carreteras"},"content":{"rendered":"<p><strong>El Ayuntamiento de Santa Br\u00edgida<\/strong> ha aprobado la ejecuci\u00f3n de un <strong>contrato de emergencia<\/strong> para llevar a cabo<strong> labores urgentes de desbroce, limpieza y despeje <\/strong>de vegetaci\u00f3n en los m\u00e1rgenes de <strong>seis v\u00edas municipales<\/strong>. Se trata de una actuaci\u00f3n inaplazable destinada a reforzar la seguridad de conductores y peatones, as\u00ed como a minimizar el elevado riesgo de incendios durante los meses de mayor peligro.<\/p>\n<p>Los trabajos comenzar\u00e1n esta semana y se desarrollar\u00e1n en ambos m\u00e1rgenes del <strong>Camino Real de Portada Verde, la Carretera de Hoya Bravo, el Camino a Gargujo, Cruz de Morales, el Camino El Anc\u00f3n y el Camino El Cortijo.<\/strong> La intervenci\u00f3n ser\u00e1 integral e incluir\u00e1 el desbroce de la vegetaci\u00f3n invasora, la retirada de la maleza que ocupe la plataforma de la calzada o los arcenes y la eliminaci\u00f3n de aquella que <strong>reduzca la visibilidad. <\/strong>Asimismo, se realizar\u00e1 la poda de ramas bajas<strong> que dificulten la circulaci\u00f3n<\/strong> o comprometan la seguridad vial, adem\u00e1s de la recogida, carga, transporte y gesti\u00f3n de todos los restos vegetales mediante un gestor autorizado. La actuaci\u00f3n concluir\u00e1 con la limpieza de las zonas intervenidas, dejando los m\u00e1rgenes en \u00f3ptimas condiciones de <strong>conservaci\u00f3n, seguridad y limpieza.<\/strong><\/p>\n<p>De forma paralela, el Ayuntamiento contin\u00faa tramitando el procedimiento de licitaci\u00f3n del\u00a0<a href=\"https:\/\/contrataciondelestado.es\/wps\/poc?uri=deeplink:detalle_licitacion&amp;idEvl=I3mcsjBQbBZVq4S9zvaQpQ%3D%3D\"><em><strong>Servicio de despeje, desbroce y limpieza de los m\u00e1rgenes de las v\u00edas municipales pavimentadas no urbanas.\u00a0<\/strong><\/em><\/a>El contrato, publicado en la Plataforma de Contrataci\u00f3n del Sector P\u00fablico, cuenta con un valor estimado de\u00a0<strong>533.246,36 euros<\/strong>\u00a0y una duraci\u00f3n inicial de\u00a0<strong>dos a\u00f1os<\/strong>, con posibilidad de prorrogarse por otros dos, lo que permitir\u00e1 garantizar la continuidad de estos trabajos de conservaci\u00f3n hasta <strong>un m\u00e1ximo de cuatro a\u00f1os. <\/strong>El plazo de presentaci\u00f3n de ofertas permanecer\u00e1 abierto hasta el pr\u00f3ximo <strong>6 de agosto,<\/strong> tras lo que continuar\u00e1 el proceso de adjudicaci\u00f3n. <\/p>\n<p>Mientras culmina ese procedimiento administrativo, el Consistorio ha optado por esta<strong> actuaci\u00f3n de emergencia <\/strong>para dar respuesta inmediata a las necesidades m\u00e1s urgentes y garantizar unas condiciones adecuadas de seguridad hasta la entrada en vigor <strong>del nuevo contrato de mantenimiento.<\/strong><\/p>\n<p><a href=\"https:\/\/whatsapp.com\/channel\/0029VahknXBDzgTHGJW3DC1v\">S\u00edguenos a trav\u00e9s del canal de WhatsApp<\/a><\/p>\n","protected":false},"excerpt":{"rendered":"<p>El Ayuntamiento de Santa Br\u00edgida ha aprobado la ejecuci\u00f3n de un contrato de emergencia para llevar a cabo labores urgentes de desbroce, limpieza y despeje de vegetaci\u00f3n en los m\u00e1rgenes&hellip;<\/p>\n","protected":false},"author":17,"featured_media":183,"comment_status":"open","ping_status":"open","sticky":false,"template":"","format":"standard","meta":{"wpai_generated_summary":"","wpai_meta_description":"","footnotes":""},"categories":[136],"tags":[],"class_list":["post-182","post","type-post","status-publish","format-standard","has-post-thumbnail","hentry","category-ayuntamiento-de-santa-brigida"],"_links":{"self":[{"href":"https:\/\/nublo.tv\/index.php\/wp-json\/wp\/v2\/posts\/182","targetHints":{"allow":["GET"]}}],"collection":[{"href":"https:\/\/nublo.tv\/index.php\/wp-json\/wp\/v2\/posts"}],"about":[{"href":"https:\/\/nublo.tv\/index.php\/wp-json\/wp\/v2\/types\/post"}],"author":[{"embeddable":true,"href":"https:\/\/nublo.tv\/index.php\/wp-json\/wp\/v2\/users\/17"}],"replies":[{"embeddable":true,"href":"https:\/\/nublo.tv\/index.php\/wp-json\/wp\/v2\/comments?post=182"}],"version-history":[{"count":1,"href":"https:\/\/nublo.tv\/index.php\/wp-json\/wp\/v2\/posts\/182\/revisions"}],"predecessor-version":[{"id":545,"href":"https:\/\/nublo.tv\/index.php\/wp-json\/wp\/v2\/posts\/182\/revisions\/545"}],"wp:featuredmedia":[{"embeddable":true,"href":"https:\/\/nublo.tv\/index.php\/wp-json\/wp\/v2\/media\/183"}],"wp:attachment":[{"href":"https:\/\/nublo.tv\/index.php\/wp-json\/wp\/v2\/media?parent=182"}],"wp:term":[{"taxonomy":"category","embeddable":true,"href":"https:\/\/nublo.tv\/index.php\/wp-json\/wp\/v2\/categories?post=182"},{"taxonomy":"post_tag","embeddable":true,"href":"https:\/\/nublo.tv\/index.php\/wp-json\/wp\/v2\/tags?post=182"}],"curies":[{"name":"wp","href":"https:\/\/api.w.org\/{rel}","templated":true}]}}