{"id":1831,"date":"2026-08-06T13:09:13","date_gmt":"2026-08-06T12:09:13","guid":{"rendered":"https:\/\/nublo.tv\/?p=1831"},"modified":"2026-08-27T12:35:26","modified_gmt":"2026-08-27T11:35:26","slug":"calle-obispo-y-nestor-leon-y-su-banda-abren-el-segundo-fin-de-semana-en-guia-de-las-fiestas-de-la-virgen-2026","status":"publish","type":"post","link":"https:\/\/nublo.tv\/index.php\/2026\/08\/06\/calle-obispo-y-nestor-leon-y-su-banda-abren-el-segundo-fin-de-semana-en-guia-de-las-fiestas-de-la-virgen-2026\/","title":{"rendered":"Calle Obispo y N\u00e9stor Le\u00f3n y su banda abren el segundo fin de semana en Gu\u00eda de las Fiestas de La Virgen 2026"},"content":{"rendered":"<ul>\n<li><strong> El espect\u00e1culo musical se celebrar\u00e1 en el frontis de la Iglesia justo al t\u00e9rmino del Concierto de la Banda Municipal Ciudad de Gu\u00eda <\/strong><\/li>\n<\/ul>\n<p><strong>Gu\u00eda, 6 de agosto de 2026.-<\/strong> Las Fiestas de la Virgen 2026 arrancan su segundo fin de semana con una apuesta clara por el ritmo, el baile y el buen ambiente en la calle. Ma\u00f1ana viernes 7 de agosto la m\u00fasica en directo se convertir\u00e1 en la aut\u00e9ntica protagonista de la noche con una oferta llena de ritmo y pensada para que nadie pueda permanecer quieto.<\/p>\n<p>Tras el concierto de la Banda Municipal Ciudad de Gu\u00eda, que dar\u00e1 comienzo a las 21:00 horas en la Plaza Grande, la noche festiva se trasladar\u00e1 al frontis de la Iglesia con un gran espect\u00e1culo musical que abrir\u00e1 el grupo <em>Calle Obispo<\/em> con su arrolladora combinaci\u00f3n de ritmos cubanos, salsa y sabor latino. Bajo la direcci\u00f3n musical del trombonista Stefan Navarro, esta banda promete contagiar de la mejor energ\u00eda y convertir el entorno de las plazas del casco en una aut\u00e9ntica pista de baile.<\/p>\n<p>Esta gran noche festiva continuar\u00e1 con <em>N\u00e9stor Le\u00f3n y su banda<\/em>. Con el bagaje de haber hecho disfrutar a miles de personas en su paso por grupos como <em>Que Chimba<\/em> o <em>Grupo Arena<\/em>, el conocido vocalista desplegar\u00e1 un repertorio todoterreno cargado de pop, rock, rancheras y los temas de verbena de toda la vida.<\/p>\n<p>El de ma\u00f1ana ser\u00e1 un viernes completo de buena m\u00fasica y un gran ambiente para reencontrarse, disfrutar del talento en directo y de las noches de agosto en las Fiestas de La Virgen 2026 de Gu\u00eda.<\/p>\n","protected":false},"excerpt":{"rendered":"<p>El espect\u00e1culo musical se celebrar\u00e1 en el frontis de la Iglesia justo al t\u00e9rmino del Concierto de la Banda Municipal Ciudad de Gu\u00eda Gu\u00eda, 6 de agosto de 2026.- Las&hellip;<\/p>\n","protected":false},"author":1,"featured_media":1832,"comment_status":"open","ping_status":"open","sticky":false,"template":"","format":"standard","meta":{"wpai_generated_summary":"","wpai_meta_description":"","footnotes":""},"categories":[138],"tags":[],"class_list":["post-1831","post","type-post","status-publish","format-standard","has-post-thumbnail","hentry","category-ayuntamiento-de-santa-maria-de-guia"],"_links":{"self":[{"href":"https:\/\/nublo.tv\/index.php\/wp-json\/wp\/v2\/posts\/1831","targetHints":{"allow":["GET"]}}],"collection":[{"href":"https:\/\/nublo.tv\/index.php\/wp-json\/wp\/v2\/posts"}],"about":[{"href":"https:\/\/nublo.tv\/index.php\/wp-json\/wp\/v2\/types\/post"}],"author":[{"embeddable":true,"href":"https:\/\/nublo.tv\/index.php\/wp-json\/wp\/v2\/users\/1"}],"replies":[{"embeddable":true,"href":"https:\/\/nublo.tv\/index.php\/wp-json\/wp\/v2\/comments?post=1831"}],"version-history":[{"count":1,"href":"https:\/\/nublo.tv\/index.php\/wp-json\/wp\/v2\/posts\/1831\/revisions"}],"predecessor-version":[{"id":1840,"href":"https:\/\/nublo.tv\/index.php\/wp-json\/wp\/v2\/posts\/1831\/revisions\/1840"}],"wp:featuredmedia":[{"embeddable":true,"href":"https:\/\/nublo.tv\/index.php\/wp-json\/wp\/v2\/media\/1832"}],"wp:attachment":[{"href":"https:\/\/nublo.tv\/index.php\/wp-json\/wp\/v2\/media?parent=1831"}],"wp:term":[{"taxonomy":"category","embeddable":true,"href":"https:\/\/nublo.tv\/index.php\/wp-json\/wp\/v2\/categories?post=1831"},{"taxonomy":"post_tag","embeddable":true,"href":"https:\/\/nublo.tv\/index.php\/wp-json\/wp\/v2\/tags?post=1831"}],"curies":[{"name":"wp","href":"https:\/\/api.w.org\/{rel}","templated":true}]}}