{"id":1835,"date":"2026-08-06T13:09:13","date_gmt":"2026-08-06T12:09:13","guid":{"rendered":"https:\/\/nublo.tv\/?p=1835"},"modified":"2026-08-27T12:35:26","modified_gmt":"2026-08-27T11:35:26","slug":"el-gobierno-da-por-finalizada-la-prealerta-por-fenomenos-costeros-en-gran-canaria-e-islas-occidentales","status":"publish","type":"post","link":"https:\/\/nublo.tv\/index.php\/2026\/08\/06\/el-gobierno-da-por-finalizada-la-prealerta-por-fenomenos-costeros-en-gran-canaria-e-islas-occidentales\/","title":{"rendered":"El Gobierno da por finalizada la prealerta por fen\u00f3menos costeros en Gran Canaria e islas occidentales"},"content":{"rendered":"<p>El Gobierno de Canarias, a trav\u00e9s de la Direcci\u00f3n General de Emergencias, finaliza la situaci\u00f3n de prealerta por fen\u00f3menos costeros en el archipi\u00e9lago a partir de las 14:00 horas de hoy, jueves 6 de agosto.\u00a0 Esta decisi\u00f3n se toma teniendo en cuenta la informaci\u00f3n facilitada por la Agencia Estatal de Meteorolog\u00eda y otras fuentes disponibles, y en aplicaci\u00f3n del Plan Espec\u00edfico de Emergencias de Canarias por Riesgos de Fen\u00f3menos Meteorol\u00f3gicos Adversos (PEFMA). <span id=\"more-12227\"><\/span><\/p>\n<p><strong>\u00c1mbito territorial:\u00a0\u00a0<\/strong><br \/>\nIslas de El Hierro, La Gomera, La Palma, y litorales orientados al sur, en las islas de Tenerife y Gran Canaria.<\/p>\n<p><strong>Observaciones:\u00a0\u00a0<\/strong><br \/>\nAl haber terminado las condiciones meteorol\u00f3gicas que justificaron la declaraci\u00f3n de la situaci\u00f3n de Prealerta, se da por finalizada la\u00a0misma.<\/p>\n<p><a href=\"https:\/\/www3.gobiernodecanarias.org\/noticias\/wp-content\/uploads\/2026\/08\/26-08-06-Finalizacion-49-2026-PEFMA-Prealerta-Costeros.pdf\">26-08-06 Finalizacion 49 2026 PEFMA Prealerta Costeros<\/a><\/p>\n","protected":false},"excerpt":{"rendered":"<p>El Gobierno de Canarias, a trav\u00e9s de la Direcci\u00f3n General de Emergencias, finaliza la situaci\u00f3n de prealerta por fen\u00f3menos costeros en el archipi\u00e9lago a partir de las 14:00 horas de&hellip;<\/p>\n","protected":false},"author":1,"featured_media":1836,"comment_status":"open","ping_status":"open","sticky":false,"template":"","format":"standard","meta":{"wpai_generated_summary":"","wpai_meta_description":"","footnotes":""},"categories":[121],"tags":[],"class_list":["post-1835","post","type-post","status-publish","format-standard","has-post-thumbnail","hentry","category-noticias"],"_links":{"self":[{"href":"https:\/\/nublo.tv\/index.php\/wp-json\/wp\/v2\/posts\/1835","targetHints":{"allow":["GET"]}}],"collection":[{"href":"https:\/\/nublo.tv\/index.php\/wp-json\/wp\/v2\/posts"}],"about":[{"href":"https:\/\/nublo.tv\/index.php\/wp-json\/wp\/v2\/types\/post"}],"author":[{"embeddable":true,"href":"https:\/\/nublo.tv\/index.php\/wp-json\/wp\/v2\/users\/1"}],"replies":[{"embeddable":true,"href":"https:\/\/nublo.tv\/index.php\/wp-json\/wp\/v2\/comments?post=1835"}],"version-history":[{"count":1,"href":"https:\/\/nublo.tv\/index.php\/wp-json\/wp\/v2\/posts\/1835\/revisions"}],"predecessor-version":[{"id":1842,"href":"https:\/\/nublo.tv\/index.php\/wp-json\/wp\/v2\/posts\/1835\/revisions\/1842"}],"wp:featuredmedia":[{"embeddable":true,"href":"https:\/\/nublo.tv\/index.php\/wp-json\/wp\/v2\/media\/1836"}],"wp:attachment":[{"href":"https:\/\/nublo.tv\/index.php\/wp-json\/wp\/v2\/media?parent=1835"}],"wp:term":[{"taxonomy":"category","embeddable":true,"href":"https:\/\/nublo.tv\/index.php\/wp-json\/wp\/v2\/categories?post=1835"},{"taxonomy":"post_tag","embeddable":true,"href":"https:\/\/nublo.tv\/index.php\/wp-json\/wp\/v2\/tags?post=1835"}],"curies":[{"name":"wp","href":"https:\/\/api.w.org\/{rel}","templated":true}]}}