{"id":1837,"date":"2026-08-06T13:09:13","date_gmt":"2026-08-06T12:09:13","guid":{"rendered":"https:\/\/nublo.tv\/?p=1837"},"modified":"2026-08-27T12:35:26","modified_gmt":"2026-08-27T11:35:26","slug":"el-gobierno-de-canarias-actualiza-la-situacion-a-prealerta-por-temperaturas-maximas-en-toda-canarias","status":"publish","type":"post","link":"https:\/\/nublo.tv\/index.php\/2026\/08\/06\/el-gobierno-de-canarias-actualiza-la-situacion-a-prealerta-por-temperaturas-maximas-en-toda-canarias\/","title":{"rendered":"El Gobierno de Canarias actualiza la situaci\u00f3n a prealerta por temperaturas m\u00e1ximas en toda Canarias"},"content":{"rendered":"<p>El Gobierno de Canarias, a trav\u00e9s de la Direcci\u00f3n General de Emergencias, actualiza la situaci\u00f3n pasando a prealerta por temperaturas m\u00e1ximas en toda las Islas, a partir de las 14:00 horas de hoy, jueves 6 de agosto.\u00a0 \u00a0Esta decisi\u00f3n se toma teniendo en cuenta la informaci\u00f3n facilitada por la Agencia Estatal de Meteorolog\u00eda junto a otras fuentes disponibles y en aplicaci\u00f3n del Plan Espec\u00edfico de Emergencias de Canarias por Riesgos de Fen\u00f3menos Meteorol\u00f3gicos Adversos (PEFMA). <span id=\"more-12225\"><\/span><\/p>\n<p><strong>\u00c1mbito territorial:\u00a0<\/strong><br \/>\nComunidad aut\u00f3noma de Canarias<\/p>\n<p><strong>Observaciones:\u00a0<\/strong><br \/>\nTemperaturas en ligero descenso, m\u00e1s acusado en median\u00edas y en vertientes sur y oeste.\u00a0 No obstante, se superar\u00e1n los 30 grados en vertientes orientadas al sur y oeste de todas las islas.\u00a0 Las temperaturas m\u00e1ximas podr\u00e1n alcanzar y superar los 34 grados\u00a0a\u00fan en median\u00edas del sudeste, sur y oeste de Gran Canaria, median\u00edas del oeste y cumbres de La Palma, as\u00ed como en el \u00e1rea metropolitana de la isla de Tenerife.<\/p>\n<p>Se insta a la poblaci\u00f3n a seguir los siguientes\u00a0<a href=\"https:\/\/www.gobiernodecanarias.org\/emergencias\/alertas\/consejos\/temperaturas\/temperaturas.html\">consejos de autoprotecci\u00f3n<\/a>\u00a0de la Direcci\u00f3n General de Emergencias.<\/p>\n<p><a href=\"https:\/\/www3.gobiernodecanarias.org\/noticias\/wp-content\/uploads\/2026\/08\/26-08-06-Actualizacion_4-47-2026-PEFMA-Prealerta-Temperaturas-maximas-1.pdf\">26-08-06 Actualizacion_4 47 2026 PEFMA Prealerta Temperaturas maximas (1)<\/a><\/p>\n","protected":false},"excerpt":{"rendered":"<p>El Gobierno de Canarias, a trav\u00e9s de la Direcci\u00f3n General de Emergencias, actualiza la situaci\u00f3n pasando a prealerta por temperaturas m\u00e1ximas en toda las Islas, a partir de las 14:00&hellip;<\/p>\n","protected":false},"author":1,"featured_media":1838,"comment_status":"open","ping_status":"open","sticky":false,"template":"","format":"standard","meta":{"wpai_generated_summary":"","wpai_meta_description":"","footnotes":""},"categories":[121],"tags":[],"class_list":["post-1837","post","type-post","status-publish","format-standard","has-post-thumbnail","hentry","category-noticias"],"_links":{"self":[{"href":"https:\/\/nublo.tv\/index.php\/wp-json\/wp\/v2\/posts\/1837","targetHints":{"allow":["GET"]}}],"collection":[{"href":"https:\/\/nublo.tv\/index.php\/wp-json\/wp\/v2\/posts"}],"about":[{"href":"https:\/\/nublo.tv\/index.php\/wp-json\/wp\/v2\/types\/post"}],"author":[{"embeddable":true,"href":"https:\/\/nublo.tv\/index.php\/wp-json\/wp\/v2\/users\/1"}],"replies":[{"embeddable":true,"href":"https:\/\/nublo.tv\/index.php\/wp-json\/wp\/v2\/comments?post=1837"}],"version-history":[{"count":1,"href":"https:\/\/nublo.tv\/index.php\/wp-json\/wp\/v2\/posts\/1837\/revisions"}],"predecessor-version":[{"id":1841,"href":"https:\/\/nublo.tv\/index.php\/wp-json\/wp\/v2\/posts\/1837\/revisions\/1841"}],"wp:featuredmedia":[{"embeddable":true,"href":"https:\/\/nublo.tv\/index.php\/wp-json\/wp\/v2\/media\/1838"}],"wp:attachment":[{"href":"https:\/\/nublo.tv\/index.php\/wp-json\/wp\/v2\/media?parent=1837"}],"wp:term":[{"taxonomy":"category","embeddable":true,"href":"https:\/\/nublo.tv\/index.php\/wp-json\/wp\/v2\/categories?post=1837"},{"taxonomy":"post_tag","embeddable":true,"href":"https:\/\/nublo.tv\/index.php\/wp-json\/wp\/v2\/tags?post=1837"}],"curies":[{"name":"wp","href":"https:\/\/api.w.org\/{rel}","templated":true}]}}