{"id":18378,"date":"2026-08-29T23:44:15","date_gmt":"2026-08-29T22:44:15","guid":{"rendered":"https:\/\/nublo.tv\/?p=18378"},"modified":"2026-08-29T23:44:15","modified_gmt":"2026-08-29T22:44:15","slug":"la-ud-las-palmas-cae-derrotada-en-montilivi-ante-el-girona-5-2","status":"publish","type":"post","link":"https:\/\/nublo.tv\/index.php\/2026\/08\/29\/la-ud-las-palmas-cae-derrotada-en-montilivi-ante-el-girona-5-2\/","title":{"rendered":"La UD Las Palmas cae derrotada en Montilivi ante el Girona (5-2)"},"content":{"rendered":"<p><strong>La UD Las Palmas sufri\u00f3 este domingo su primera derrota de la temporada al caer 5-2 ante el Girona en Montilivi, en un partido donde los canarios no lograron mantener la ventaja tras el empate inicial.<\/strong><\/p>\n<p>El regreso de Enrique Clemente al once inicial fue la principal novedad en la alineaci\u00f3n. El defensa recuper\u00f3 su puesto habitual en el lateral izquierdo tras superar la lesi\u00f3n sufrida en la pretemporada.<\/p>\n<p>El Girona domin\u00f3 desde el inicio, presionando con intensidad y limitando las opciones de juego de Las Palmas. La incomodidad en la salida del bal\u00f3n fue constante, sin espacios ni combinaciones claras para avanzar hacia la porter\u00eda de Gazzaniga.<\/p>\n<h3>Girona se adelanta y Las Palmas reacciona<\/h3>\n<p>El equipo local abri\u00f3 el marcador en el minuto 21 con un gol de Justin, que remat\u00f3 con un potente disparo desde la frontal del \u00e1rea que Caro no pudo detener. Las Palmas lleg\u00f3 al descanso con sensaciones negativas, sin creaci\u00f3n de juego en ataque y con problemas en la defensa.<\/p>\n<p>En la reanudaci\u00f3n, el t\u00e9cnico canario movi\u00f3 el banquillo con las entradas de Bonfanti e Iv\u00e1n Jaime. El cambio surti\u00f3 efecto inmediato: el extremo debutante logr\u00f3 el empate (1-1) al aprovechar un rechace de Gazzaniga en el \u00e1rea.<\/p>\n<h3>El Girona sentencia el partido<\/h3>\n<p>Sin embargo, la alegr\u00eda dur\u00f3 poco. En apenas cinco minutos, el Girona volvi\u00f3 a ponerse por delante con dos goles: el 2-1 lleg\u00f3 tras un error de Caro que aprovech\u00f3 Fran Beltr\u00e1n para marcar a puerta vac\u00eda, y el 3-1 lo anot\u00f3 Asprilla en un contragolpe.<\/p>\n<p>El cuarto gol local lleg\u00f3 en otra contra, obra nuevamente de Asprilla, antes de que Jes\u00e9 fuera expulsado por una falta en el centro del campo. Aunque Miyashiro recort\u00f3 distancias con un gol en inferioridad num\u00e9rica, Izan Gonz\u00e1lez cerr\u00f3 el marcador en el minuto 90 tras un robo y una jugada individual hasta el \u00e1rea.<\/p>\n","protected":false},"excerpt":{"rendered":"<p>El regreso de Enrique Clemente fue la principal novedad en la foto inicial del encuentro. El zaguero ma\u00f1o recuperaba su posici\u00f3n habitual en el lateral izquierdo, tras haberse recuperado de&hellip;<\/p>\n","protected":false},"author":1,"featured_media":18383,"comment_status":"open","ping_status":"open","sticky":false,"template":"","format":"standard","meta":{"wpai_generated_summary":"","wpai_meta_description":"","footnotes":""},"categories":[122],"tags":[],"class_list":["post-18378","post","type-post","status-publish","format-standard","has-post-thumbnail","hentry","category-deportes"],"_links":{"self":[{"href":"https:\/\/nublo.tv\/index.php\/wp-json\/wp\/v2\/posts\/18378","targetHints":{"allow":["GET"]}}],"collection":[{"href":"https:\/\/nublo.tv\/index.php\/wp-json\/wp\/v2\/posts"}],"about":[{"href":"https:\/\/nublo.tv\/index.php\/wp-json\/wp\/v2\/types\/post"}],"author":[{"embeddable":true,"href":"https:\/\/nublo.tv\/index.php\/wp-json\/wp\/v2\/users\/1"}],"replies":[{"embeddable":true,"href":"https:\/\/nublo.tv\/index.php\/wp-json\/wp\/v2\/comments?post=18378"}],"version-history":[{"count":2,"href":"https:\/\/nublo.tv\/index.php\/wp-json\/wp\/v2\/posts\/18378\/revisions"}],"predecessor-version":[{"id":18386,"href":"https:\/\/nublo.tv\/index.php\/wp-json\/wp\/v2\/posts\/18378\/revisions\/18386"}],"wp:featuredmedia":[{"embeddable":true,"href":"https:\/\/nublo.tv\/index.php\/wp-json\/wp\/v2\/media\/18383"}],"wp:attachment":[{"href":"https:\/\/nublo.tv\/index.php\/wp-json\/wp\/v2\/media?parent=18378"}],"wp:term":[{"taxonomy":"category","embeddable":true,"href":"https:\/\/nublo.tv\/index.php\/wp-json\/wp\/v2\/categories?post=18378"},{"taxonomy":"post_tag","embeddable":true,"href":"https:\/\/nublo.tv\/index.php\/wp-json\/wp\/v2\/tags?post=18378"}],"curies":[{"name":"wp","href":"https:\/\/api.w.org\/{rel}","templated":true}]}}