{"id":1846,"date":"2026-08-06T13:37:23","date_gmt":"2026-08-06T12:37:23","guid":{"rendered":"https:\/\/nublo.tv\/?p=1846"},"modified":"2026-08-06T13:37:23","modified_gmt":"2026-08-06T12:37:23","slug":"el-campus-de-vacaciones-ludoverano-2026-se-amplia-hasta-el-4-de-septiembre","status":"publish","type":"post","link":"https:\/\/nublo.tv\/index.php\/2026\/08\/06\/el-campus-de-vacaciones-ludoverano-2026-se-amplia-hasta-el-4-de-septiembre\/","title":{"rendered":"El campus de vacaciones \u2018Ludoverano 2026\u2019 se ampl\u00eda hasta el 4 de septiembre"},"content":{"rendered":"<p><strong>En caso de disponibilidad de plazas en los grupos, podr\u00eda realizarse la inscripci\u00f3n por d\u00edas o semanas durante el mes de agosto hasta el 4 de septiembre en la oficina de la Zona Deportiva de Teror o llamando al n\u00famero de tel\u00e9fono 928632590, con prioridad a los empadronados en el municipio de Teror.<\/strong><\/p>\n<p>La Concejal\u00eda de Deportes del Ayuntamiento de Teror ampl\u00eda el campus de vacaciones \u201cLudoverano 2026\u201d hasta el 4 de septiembre, facilitando a las familias la conciliaci\u00f3n familiar en el periodo de vacaciones escolares. El campus, que se inici\u00f3 el 22 de junio y ten\u00eda prevista su finalizaci\u00f3n el 31 de agosto en la Zona Deportiva de Teror, est\u00e1 dirigido a ni\u00f1os\/as y j\u00f3venes desde Infantil de 3 a\u00f1os a 2\u00aa de ESO, ambos cursados en este a\u00f1o escolar 2025-2026.<\/p>\n<p>La actividad, incluida en el programa municipal \u201cVerano Deporte 2026\u201d organizado desde Deportes del Ayuntamiento de Teror, que dirige Mois\u00e9s Rodr\u00edguez, cumple este a\u00f1o su 22\u00aa edici\u00f3n, con la participaci\u00f3n de centenares de ni\u00f1os\/as en estas dos d\u00e9cadas. El programa del campus se desarrolla de lunes a viernes, en horario de 8:45 a 14:15 horas, con acogida temprana de 7:00 a 8:45 horas y recogida tard\u00eda de 14:15 a 16:00 hora. El campus incluye tanto actividades deportivas, como l\u00fadicas, educativas, musicales, art\u00edsticas o medioambientales y excursiones.<\/p>\n<p>En caso de disponibilidad de plazas en los grupos, podr\u00eda realizarse la inscripci\u00f3n por d\u00edas o semanas durante el mes de agosto hasta el 4 de septiembre en la oficina de la Zona Deportiva de Teror o llamando al n\u00famero de tel\u00e9fono 928632590, con prioridad a los empadronados en el municipio de Teror.<\/p>\n<p><a href=\"https:\/\/teror.es\/wp-content\/uploads\/2026\/06\/15_EXTERIOR_LUDOVERANO2026-OK-copia.jpg\"><img loading=\"lazy\" decoding=\"async\" class=\"alignleft wp-image-96728 size-vp_md\" src=\"https:\/\/teror.es\/wp-content\/uploads\/2026\/06\/15_EXTERIOR_LUDOVERANO2026-OK-copia-800x565.jpg\" alt=\"\" width=\"777\" height=\"549\" \/><\/a> <a href=\"https:\/\/teror.es\/wp-content\/uploads\/2026\/06\/15_INTERIOR_LUDOVERANO2026-OK-copia.jpg\"><img loading=\"lazy\" decoding=\"async\" class=\"alignleft wp-image-96729 size-vp_md\" src=\"https:\/\/teror.es\/wp-content\/uploads\/2026\/06\/15_INTERIOR_LUDOVERANO2026-OK-copia-800x565.jpg\" alt=\"\" width=\"777\" height=\"549\" \/><\/a><\/p>\n<p>&nbsp;<\/p>\n<p><span style=\"color: #008000\"><strong>\u00a0\u00a0<\/strong><\/span><\/p>\n<p>&nbsp;<\/p>\n<p>&nbsp;<\/p>\n<p>&nbsp;<\/p>\n<p><img loading=\"lazy\" decoding=\"async\" class=\"alignleft wp-image-95853 size-vp_md\" src=\"https:\/\/teror.es\/wp-content\/uploads\/2026\/05\/20_Ludoverano-800x1200.png\" alt=\"\" width=\"777\" height=\"1166\" \/><\/p>\n","protected":false},"excerpt":{"rendered":"<p>En caso de disponibilidad de plazas en los grupos, podr\u00eda realizarse la inscripci\u00f3n por d\u00edas o semanas durante el mes de agosto hasta el 4 de septiembre en la oficina&hellip;<\/p>\n","protected":false},"author":1,"featured_media":1847,"comment_status":"open","ping_status":"open","sticky":false,"template":"","format":"standard","meta":{"wpai_generated_summary":"","wpai_meta_description":"","footnotes":""},"categories":[141],"tags":[],"class_list":["post-1846","post","type-post","status-publish","format-standard","has-post-thumbnail","hentry","category-ayuntamiento-de-teror"],"_links":{"self":[{"href":"https:\/\/nublo.tv\/index.php\/wp-json\/wp\/v2\/posts\/1846","targetHints":{"allow":["GET"]}}],"collection":[{"href":"https:\/\/nublo.tv\/index.php\/wp-json\/wp\/v2\/posts"}],"about":[{"href":"https:\/\/nublo.tv\/index.php\/wp-json\/wp\/v2\/types\/post"}],"author":[{"embeddable":true,"href":"https:\/\/nublo.tv\/index.php\/wp-json\/wp\/v2\/users\/1"}],"replies":[{"embeddable":true,"href":"https:\/\/nublo.tv\/index.php\/wp-json\/wp\/v2\/comments?post=1846"}],"version-history":[{"count":1,"href":"https:\/\/nublo.tv\/index.php\/wp-json\/wp\/v2\/posts\/1846\/revisions"}],"predecessor-version":[{"id":1868,"href":"https:\/\/nublo.tv\/index.php\/wp-json\/wp\/v2\/posts\/1846\/revisions\/1868"}],"wp:featuredmedia":[{"embeddable":true,"href":"https:\/\/nublo.tv\/index.php\/wp-json\/wp\/v2\/media\/1847"}],"wp:attachment":[{"href":"https:\/\/nublo.tv\/index.php\/wp-json\/wp\/v2\/media?parent=1846"}],"wp:term":[{"taxonomy":"category","embeddable":true,"href":"https:\/\/nublo.tv\/index.php\/wp-json\/wp\/v2\/categories?post=1846"},{"taxonomy":"post_tag","embeddable":true,"href":"https:\/\/nublo.tv\/index.php\/wp-json\/wp\/v2\/tags?post=1846"}],"curies":[{"name":"wp","href":"https:\/\/api.w.org\/{rel}","templated":true}]}}