{"id":1848,"date":"2026-08-06T13:38:05","date_gmt":"2026-08-06T12:38:05","guid":{"rendered":"https:\/\/nublo.tv\/?p=1848"},"modified":"2026-08-06T13:38:05","modified_gmt":"2026-08-06T12:38:05","slug":"la-40a-edicion-de-la-suelta-del-perro-maldito-ya-tiene-cartel-ayuntamiento-de-valsequillo-de-gran-canaria","status":"publish","type":"post","link":"https:\/\/nublo.tv\/index.php\/2026\/08\/06\/la-40a-edicion-de-la-suelta-del-perro-maldito-ya-tiene-cartel-ayuntamiento-de-valsequillo-de-gran-canaria\/","title":{"rendered":"La 40\u00aa edici\u00f3n de la Suelta del Perro Maldito ya tiene cartel &#8211; Ayuntamiento de Valsequillo de Gran Canaria"},"content":{"rendered":"<div><img decoding=\"async\" src=\"https:\/\/www.valsequillogc.es\/ayto3\/wp-content\/uploads\/2026\/08\/CARTEL-PERRO-MALDITO-VALSEQUILLO-JPEG-A3-scaled.jpeg\" style=\"width: 100%\" \/><\/p>\n<div>La 40\u00aa edici\u00f3n de la Suelta del Perro Maldito ya tiene cartel Valsequillo ya respira ambiente de tradici\u00f3n y leyenda. La m\u00edtica \u00abSuelta del Perro Maldito\u00bb ya cuenta con su &#8230; Leer m\u00e1s<\/div>\n<\/div>\n","protected":false},"excerpt":{"rendered":"<p>La 40\u00aa edici\u00f3n de la Suelta del Perro Maldito ya tiene cartel Valsequillo ya respira ambiente de tradici\u00f3n y leyenda. La m\u00edtica \u00abSuelta del Perro Maldito\u00bb ya cuenta con su&hellip;<\/p>\n","protected":false},"author":1,"featured_media":1849,"comment_status":"open","ping_status":"open","sticky":false,"template":"","format":"standard","meta":{"wpai_generated_summary":"","wpai_meta_description":"","footnotes":""},"categories":[142],"tags":[],"class_list":["post-1848","post","type-post","status-publish","format-standard","has-post-thumbnail","hentry","category-ayuntamiento-de-valsequillo"],"_links":{"self":[{"href":"https:\/\/nublo.tv\/index.php\/wp-json\/wp\/v2\/posts\/1848","targetHints":{"allow":["GET"]}}],"collection":[{"href":"https:\/\/nublo.tv\/index.php\/wp-json\/wp\/v2\/posts"}],"about":[{"href":"https:\/\/nublo.tv\/index.php\/wp-json\/wp\/v2\/types\/post"}],"author":[{"embeddable":true,"href":"https:\/\/nublo.tv\/index.php\/wp-json\/wp\/v2\/users\/1"}],"replies":[{"embeddable":true,"href":"https:\/\/nublo.tv\/index.php\/wp-json\/wp\/v2\/comments?post=1848"}],"version-history":[{"count":1,"href":"https:\/\/nublo.tv\/index.php\/wp-json\/wp\/v2\/posts\/1848\/revisions"}],"predecessor-version":[{"id":1877,"href":"https:\/\/nublo.tv\/index.php\/wp-json\/wp\/v2\/posts\/1848\/revisions\/1877"}],"wp:featuredmedia":[{"embeddable":true,"href":"https:\/\/nublo.tv\/index.php\/wp-json\/wp\/v2\/media\/1849"}],"wp:attachment":[{"href":"https:\/\/nublo.tv\/index.php\/wp-json\/wp\/v2\/media?parent=1848"}],"wp:term":[{"taxonomy":"category","embeddable":true,"href":"https:\/\/nublo.tv\/index.php\/wp-json\/wp\/v2\/categories?post=1848"},{"taxonomy":"post_tag","embeddable":true,"href":"https:\/\/nublo.tv\/index.php\/wp-json\/wp\/v2\/tags?post=1848"}],"curies":[{"name":"wp","href":"https:\/\/api.w.org\/{rel}","templated":true}]}}