{"id":1850,"date":"2026-08-06T13:38:01","date_gmt":"2026-08-06T12:38:01","guid":{"rendered":"https:\/\/nublo.tv\/?p=1850"},"modified":"2026-08-06T13:38:01","modified_gmt":"2026-08-06T12:38:01","slug":"el-voley-plaza-de-valsequillo-celebra-su-30o-aniversario-con-un-rotundo-exito-y-225-deportistas-participantes-ayuntamiento-de-valsequillo-de-gran-canaria","status":"publish","type":"post","link":"https:\/\/nublo.tv\/index.php\/2026\/08\/06\/el-voley-plaza-de-valsequillo-celebra-su-30o-aniversario-con-un-rotundo-exito-y-225-deportistas-participantes-ayuntamiento-de-valsequillo-de-gran-canaria\/","title":{"rendered":"El V\u00f3ley Plaza de Valsequillo celebra su 30\u00ba aniversario con un rotundo \u00e9xito y 225 deportistas participantes &#8211; Ayuntamiento de Valsequillo de Gran Canaria"},"content":{"rendered":"<div><img decoding=\"async\" src=\"https:\/\/www.valsequillogc.es\/ayto3\/wp-content\/uploads\/2026\/08\/2000-voley-plaza-20.jpg\" style=\"width: 100%\" \/><\/p>\n<div>Ayer s\u00e1bado concluy\u00f3 con un extraordinario balance de participaci\u00f3n la XXX edici\u00f3n del V\u00f3ley Plaza Valsequillo, una de las citas deportivas y de ocio m\u00e1s esperadas y queridas del verano &#8230; Leer m\u00e1s<\/div>\n<\/div>\n","protected":false},"excerpt":{"rendered":"<p>Ayer s\u00e1bado concluy\u00f3 con un extraordinario balance de participaci\u00f3n la XXX edici\u00f3n del V\u00f3ley Plaza Valsequillo, una de las citas deportivas y de ocio m\u00e1s esperadas y queridas del verano&hellip;<\/p>\n","protected":false},"author":1,"featured_media":1851,"comment_status":"open","ping_status":"open","sticky":false,"template":"","format":"standard","meta":{"wpai_generated_summary":"","wpai_meta_description":"","footnotes":""},"categories":[142],"tags":[],"class_list":["post-1850","post","type-post","status-publish","format-standard","has-post-thumbnail","hentry","category-ayuntamiento-de-valsequillo"],"_links":{"self":[{"href":"https:\/\/nublo.tv\/index.php\/wp-json\/wp\/v2\/posts\/1850","targetHints":{"allow":["GET"]}}],"collection":[{"href":"https:\/\/nublo.tv\/index.php\/wp-json\/wp\/v2\/posts"}],"about":[{"href":"https:\/\/nublo.tv\/index.php\/wp-json\/wp\/v2\/types\/post"}],"author":[{"embeddable":true,"href":"https:\/\/nublo.tv\/index.php\/wp-json\/wp\/v2\/users\/1"}],"replies":[{"embeddable":true,"href":"https:\/\/nublo.tv\/index.php\/wp-json\/wp\/v2\/comments?post=1850"}],"version-history":[{"count":1,"href":"https:\/\/nublo.tv\/index.php\/wp-json\/wp\/v2\/posts\/1850\/revisions"}],"predecessor-version":[{"id":1876,"href":"https:\/\/nublo.tv\/index.php\/wp-json\/wp\/v2\/posts\/1850\/revisions\/1876"}],"wp:featuredmedia":[{"embeddable":true,"href":"https:\/\/nublo.tv\/index.php\/wp-json\/wp\/v2\/media\/1851"}],"wp:attachment":[{"href":"https:\/\/nublo.tv\/index.php\/wp-json\/wp\/v2\/media?parent=1850"}],"wp:term":[{"taxonomy":"category","embeddable":true,"href":"https:\/\/nublo.tv\/index.php\/wp-json\/wp\/v2\/categories?post=1850"},{"taxonomy":"post_tag","embeddable":true,"href":"https:\/\/nublo.tv\/index.php\/wp-json\/wp\/v2\/tags?post=1850"}],"curies":[{"name":"wp","href":"https:\/\/api.w.org\/{rel}","templated":true}]}}