{"id":1852,"date":"2026-08-06T13:37:57","date_gmt":"2026-08-06T12:37:57","guid":{"rendered":"https:\/\/nublo.tv\/?p=1852"},"modified":"2026-08-06T13:37:57","modified_gmt":"2026-08-06T12:37:57","slug":"el-club-balonmano-valsequillo-jugara-en-division-de-honor-plata-femenina-la-proxima-temporada-ayuntamiento-de-valsequillo-de-gran-canaria","status":"publish","type":"post","link":"https:\/\/nublo.tv\/index.php\/2026\/08\/06\/el-club-balonmano-valsequillo-jugara-en-division-de-honor-plata-femenina-la-proxima-temporada-ayuntamiento-de-valsequillo-de-gran-canaria\/","title":{"rendered":"El Club Balonmano Valsequillo jugar\u00e1 en Divisi\u00f3n de Honor Plata Femenina la pr\u00f3xima temporada &#8211; Ayuntamiento de Valsequillo de Gran Canaria"},"content":{"rendered":"<div><img decoding=\"async\" src=\"https:\/\/www.valsequillogc.es\/ayto3\/wp-content\/uploads\/2026\/08\/SESION-RUEDA-DE-PRENSA-PRESENTACION-ASCENSO-14-07-2026-59-scaled.jpg\" style=\"width: 100%\" \/><\/p>\n<div>categor\u00eda.\u00a0 El objetivo es consolidarse y seguir creciendo deportiva y socialmente. El Club Balonmano Valsequillo present\u00f3 oficialmente este martes su proyecto deportivo para la temporada 2026\/2027 en la Divisi\u00f3n de &#8230; Leer m\u00e1s<\/div>\n<\/div>\n","protected":false},"excerpt":{"rendered":"<p>categor\u00eda.\u00a0 El objetivo es consolidarse y seguir creciendo deportiva y socialmente. El Club Balonmano Valsequillo present\u00f3 oficialmente este martes su proyecto deportivo para la temporada 2026\/2027 en la Divisi\u00f3n de&hellip;<\/p>\n","protected":false},"author":1,"featured_media":1853,"comment_status":"open","ping_status":"open","sticky":false,"template":"","format":"standard","meta":{"wpai_generated_summary":"","wpai_meta_description":"","footnotes":""},"categories":[142],"tags":[],"class_list":["post-1852","post","type-post","status-publish","format-standard","has-post-thumbnail","hentry","category-ayuntamiento-de-valsequillo"],"_links":{"self":[{"href":"https:\/\/nublo.tv\/index.php\/wp-json\/wp\/v2\/posts\/1852","targetHints":{"allow":["GET"]}}],"collection":[{"href":"https:\/\/nublo.tv\/index.php\/wp-json\/wp\/v2\/posts"}],"about":[{"href":"https:\/\/nublo.tv\/index.php\/wp-json\/wp\/v2\/types\/post"}],"author":[{"embeddable":true,"href":"https:\/\/nublo.tv\/index.php\/wp-json\/wp\/v2\/users\/1"}],"replies":[{"embeddable":true,"href":"https:\/\/nublo.tv\/index.php\/wp-json\/wp\/v2\/comments?post=1852"}],"version-history":[{"count":1,"href":"https:\/\/nublo.tv\/index.php\/wp-json\/wp\/v2\/posts\/1852\/revisions"}],"predecessor-version":[{"id":1875,"href":"https:\/\/nublo.tv\/index.php\/wp-json\/wp\/v2\/posts\/1852\/revisions\/1875"}],"wp:featuredmedia":[{"embeddable":true,"href":"https:\/\/nublo.tv\/index.php\/wp-json\/wp\/v2\/media\/1853"}],"wp:attachment":[{"href":"https:\/\/nublo.tv\/index.php\/wp-json\/wp\/v2\/media?parent=1852"}],"wp:term":[{"taxonomy":"category","embeddable":true,"href":"https:\/\/nublo.tv\/index.php\/wp-json\/wp\/v2\/categories?post=1852"},{"taxonomy":"post_tag","embeddable":true,"href":"https:\/\/nublo.tv\/index.php\/wp-json\/wp\/v2\/tags?post=1852"}],"curies":[{"name":"wp","href":"https:\/\/api.w.org\/{rel}","templated":true}]}}