{"id":18531,"date":"2026-08-30T14:30:33","date_gmt":"2026-08-30T13:30:33","guid":{"rendered":"https:\/\/nublo.tv\/?p=18531"},"modified":"2026-08-30T14:30:33","modified_gmt":"2026-08-30T13:30:33","slug":"tradicion-recuerdo-solidaridad-comunitaria-y-jolgorio-se-dan-la-mano-en-la-rama-de-barrial","status":"publish","type":"post","link":"https:\/\/nublo.tv\/index.php\/2026\/08\/30\/tradicion-recuerdo-solidaridad-comunitaria-y-jolgorio-se-dan-la-mano-en-la-rama-de-barrial\/","title":{"rendered":"Tradici\u00f3n, recuerdo, solidaridad comunitaria y jolgorio se dan la mano en La Rama de Barrial"},"content":{"rendered":"<p>La Rama volvi\u00f3 a convertir este s\u00e1bado las calles de Barrial en una aut\u00e9ntica expresi\u00f3n de identidad, tradici\u00f3n y convivencia. Miles de personas, entre vecinos y visitantes, acompa\u00f1aron durante todo el recorrido una de las celebraciones m\u00e1s esperadas de las fiestas en honor a Nuestra Se\u00f1ora de los Desamparados, en una jornada en la que la m\u00fasica, la rama y el ambiente festivo volvieron a ser protagonistas.<\/p>\n<p>Como es habitual, la celebraci\u00f3n comenz\u00f3 en el frontis del IES Roque Amagro, donde desde mucho antes de las seis de la tarde ya se hab\u00eda concentrado una multitud dispuesta a vivir una nueva edici\u00f3n de La Rama. La impaciencia por comenzar volvi\u00f3 a quedar reflejada en uno de los gritos m\u00e1s caracter\u00edsticos de este momento: \u201cTito cabr\u00f3n, tira el volador\u201d, una expresi\u00f3n que forma parte del particular lenguaje de esta celebraci\u00f3n y que viene a significar que los participantes est\u00e1n deseando que d\u00e9 comienzo la fiesta.<\/p>\n<p>Tito se hizo de rogar unos instantes, incluso tuvo que pelearse con el mechero antes de conseguir prender la mecha. Finalmente, el volador estall\u00f3 en el cielo y, pr\u00e1cticamente al mismo tiempo, comenzaron a sonar los primeros compases de la Charanga Vitamina Band. Fue entonces cuando el jolgorio se apoder\u00f3 de las calles y la comitiva inici\u00f3 su recorrido, acompa\u00f1ada tambi\u00e9n desde el estadio Barrial por la Charanga Guiniguada, que puso m\u00fasica a una tarde marcada por el baile, los saltos y las ramas agitadas al ritmo de las charangas.<\/p>\n<p>M\u00e1s all\u00e1 de la fiesta, La Rama volvi\u00f3 a dejar algunos de esos momentos que explican por qu\u00e9 esta celebraci\u00f3n contin\u00faa teniendo un significado tan especial para Barrial. Uno de ellos tuvo lugar bajo una ventana, donde se encontraba una familia junto a su peque\u00f1a. La escena no necesit\u00f3 demasiadas palabras. La solidaridad comunitaria volvi\u00f3 a hacerse presente de una manera sencilla, demostrando una vez m\u00e1s que Barrial no solo comparte una tradici\u00f3n, sino tambi\u00e9n una manera de entender la vida como pueblo.<\/p>\n<p>El gesto fue recibido con enorme agradecimiento por parte de la familia de la peque\u00f1a, que quiso hacer llegar su gratitud a Barrial por la cercan\u00eda, el cari\u00f1o y la sensibilidad demostrada en un momento tan especial. Un agradecimiento que adquiere todav\u00eda m\u00e1s valor porque naci\u00f3 de manera espont\u00e1nea, desde una comunidad que supo mirar m\u00e1s all\u00e1 de la fiesta y estar al lado de una familia. Una vez m\u00e1s, Barrial puso de manifiesto su idiosincrasia como pueblo y esa capacidad de acompa\u00f1ar, cuidar y hacer sentir parte de la comunidad a quienes lo necesitan.<\/p>\n<p>Otro de los momentos cargados de emoci\u00f3n se vivi\u00f3 al paso de La Rama por la vivienda de la familia de Jos\u00e9 Mar\u00eda Rodr\u00edguez Quintana, conocido cari\u00f1osamente como \u00abPepe el de Kika\u00bb. La camiseta oficial de La Rama de este a\u00f1o 2026 estuvo dedicada a su figura y, coincidiendo con el paso de la celebraci\u00f3n frente a su casa, la familia, en coordinaci\u00f3n con la Comisi\u00f3n de Fiestas, despleg\u00f3 una pancarta con la imagen de Pepe, utilizando el mismo dise\u00f1o que protagoniza la camiseta.<\/p>\n<p>La emoci\u00f3n se hizo visible entre sus familiares, que quisieron recordar junto a todo Barrial al que fuera uno de los rostros queridos de la comunidad y patriarca de la familia, fallecido en 2024. Durante unos instantes, la m\u00fasica, las ramas y el bullicio dejaron espacio al recuerdo y al homenaje, convirtiendo aquel momento en uno de los m\u00e1s especiales de la jornada.<\/p>\n<p>Otro de los momentos m\u00e1s emotivos de La Rama tuvo como protagonista a otra peque\u00f1a del barrio, que recibi\u00f3 un sentido homenaje al paso de la celebraci\u00f3n. Tras haber recuperado su m\u00e1ximo esplendor, la emoci\u00f3n volvi\u00f3 a hacerse presente entre quienes compartieron aquel instante, en una muestra m\u00e1s del cari\u00f1o y la cercan\u00eda que caracteriza a la comunidad de Barrial. La celebraci\u00f3n volvi\u00f3 a demostrar que, detr\u00e1s de la m\u00fasica, las ramas y el ambiente festivo, existe un pueblo capaz de acompa\u00f1ar, celebrar y emocionarse junto a los suyos.<\/p>\n<p>&nbsp;<\/p>\n<p>El desarrollo de La Rama estuvo marcado tambi\u00e9n por el buen comportamiento de los participantes. El presidente de la A.V. \u201cAmagro\u201d, Jos\u00e9 Garc\u00eda, destac\u00f3 el civismo mostrado durante la celebraci\u00f3n y valor\u00f3 especialmente la actitud de quienes participaron en el recorrido. Precisamente ese buen comportamiento permiti\u00f3 que la organizaci\u00f3n decidiera prolongar la celebraci\u00f3n durante quince minutos m\u00e1s de lo inicialmente previsto.<\/p>\n<p>Jos\u00e9 Garc\u00eda quiso trasladar adem\u00e1s su agradecimiento a todas las personas que hicieron posible el desarrollo de la jornada, con una menci\u00f3n especial a la Comisi\u00f3n de Fiestas, la Polic\u00eda Local y los servicios de Emergencias, cuyo trabajo permiti\u00f3 que La Rama pudiera desarrollarse con normalidad y seguridad.<\/p>\n<p>La celebraci\u00f3n volvi\u00f3 a poner de manifiesto la importancia de conservar una tradici\u00f3n que pertenece a todos los vecinos y vecinas de Barrial. La Rama no se limita a un recorrido por las calles ni a unas horas de m\u00fasica y diversi\u00f3n. Es tambi\u00e9n un punto de encuentro entre generaciones, una oportunidad para reencontrarse, para recordar a quienes ya no est\u00e1n y para mantener viva una manera de celebrar que forma parte inseparable de la historia del barrio.<\/p>\n<p>Con la m\u00fasica de las charangas acompa\u00f1ando cada paso, las calles de Barrial volvieron a llenarse de ramas, baile y alegr\u00eda hasta completar un recorrido que, un a\u00f1o m\u00e1s, consigui\u00f3 congregar a una multitud. La jornada dej\u00f3 im\u00e1genes para el recuerdo y volvi\u00f3 a demostrar que cuando Barrial sale a La Rama, lo hace como un pueblo unido alrededor de una de sus tradiciones m\u00e1s queridas.<\/p>\n<p>La noche continu\u00f3 con gran asistencia de participantes en la Plaza Jos\u00e9 Rodr\u00edguez Quintana con la gran verbena protagonizada por D\u2019Music y Vitho DJ. A medianoche, la tradicional quema de fuegos artificiales puso el broche a una jornada intensa, en la que Barrial volvi\u00f3 a celebrar su fiesta m\u00e1s caracter\u00edstica con tradici\u00f3n, emoci\u00f3n, m\u00fasica y, sobre todo, con el sentimiento de comunidad que a\u00f1o tras a\u00f1o da sentido a sus fiestas.<\/p>\n<p>&nbsp;<\/p>\n","protected":false},"excerpt":{"rendered":"<p>La Rama volvi\u00f3 a convertir este s\u00e1bado las calles de Barrial en una aut\u00e9ntica expresi\u00f3n de identidad, tradici\u00f3n y convivencia. Miles de personas, entre vecinos y visitantes, acompa\u00f1aron durante todo el recorrido una de las celebraciones m\u00e1s esperadas de las fiestas en honor a Nuestra Se\u00f1ora de los Desamparados, en una jornada en la que [&hellip;]<\/p>\n","protected":false},"author":50,"featured_media":18532,"comment_status":"open","ping_status":"open","sticky":false,"template":"","format":"standard","meta":{"wpai_generated_summary":"","wpai_meta_description":"","footnotes":""},"categories":[153],"tags":[],"class_list":["post-18531","post","type-post","status-publish","format-standard","has-post-thumbnail","hentry","category-galdar"],"_links":{"self":[{"href":"https:\/\/nublo.tv\/index.php\/wp-json\/wp\/v2\/posts\/18531","targetHints":{"allow":["GET"]}}],"collection":[{"href":"https:\/\/nublo.tv\/index.php\/wp-json\/wp\/v2\/posts"}],"about":[{"href":"https:\/\/nublo.tv\/index.php\/wp-json\/wp\/v2\/types\/post"}],"author":[{"embeddable":true,"href":"https:\/\/nublo.tv\/index.php\/wp-json\/wp\/v2\/users\/50"}],"replies":[{"embeddable":true,"href":"https:\/\/nublo.tv\/index.php\/wp-json\/wp\/v2\/comments?post=18531"}],"version-history":[{"count":1,"href":"https:\/\/nublo.tv\/index.php\/wp-json\/wp\/v2\/posts\/18531\/revisions"}],"predecessor-version":[{"id":18533,"href":"https:\/\/nublo.tv\/index.php\/wp-json\/wp\/v2\/posts\/18531\/revisions\/18533"}],"wp:featuredmedia":[{"embeddable":true,"href":"https:\/\/nublo.tv\/index.php\/wp-json\/wp\/v2\/media\/18532"}],"wp:attachment":[{"href":"https:\/\/nublo.tv\/index.php\/wp-json\/wp\/v2\/media?parent=18531"}],"wp:term":[{"taxonomy":"category","embeddable":true,"href":"https:\/\/nublo.tv\/index.php\/wp-json\/wp\/v2\/categories?post=18531"},{"taxonomy":"post_tag","embeddable":true,"href":"https:\/\/nublo.tv\/index.php\/wp-json\/wp\/v2\/tags?post=18531"}],"curies":[{"name":"wp","href":"https:\/\/api.w.org\/{rel}","templated":true}]}}