{"id":18534,"date":"2026-08-30T15:11:44","date_gmt":"2026-08-30T14:11:44","guid":{"rendered":"https:\/\/nublo.tv\/?p=18534"},"modified":"2026-08-30T15:33:27","modified_gmt":"2026-08-30T14:33:27","slug":"barrial-procesiona-junto-a-nuestra-senora-de-los-desamparados-60-anos-despues-de-su-llegada","status":"publish","type":"post","link":"https:\/\/nublo.tv\/index.php\/2026\/08\/30\/barrial-procesiona-junto-a-nuestra-senora-de-los-desamparados-60-anos-despues-de-su-llegada\/","title":{"rendered":"Barrial procesiona junto a Nuestra Se\u00f1ora de los Desamparados 60 a\u00f1os despu\u00e9s de su llegada"},"content":{"rendered":"<p>Barrial acaba de vivir el D\u00eda Mayor de sus fiestas en honor a Nuestra Se\u00f1ora de los Desamparados, una jornada especialmente significativa que volvi\u00f3 a reunir a numerosos vecinos y visitantes en torno a la patrona del barrio, coincidiendo adem\u00e1s con el 60 aniversario de la llegada de su imagen a Barrial.<\/p>\n<p>La jornada comenz\u00f3 a las 12:00 horas con la solemne Eucarist\u00eda en la iglesia de Nuestra Se\u00f1ora de los Desamparados, una celebraci\u00f3n que cont\u00f3 con una gran asistencia de fieles y que estuvo presidida por el sacerdote D. Juan Molina, hijo de Barrial y actualmente destinado en las parroquias de Teguise, Har\u00eda y La Graciosa.<\/p>\n<p>La presencia de Juan Molina en este D\u00eda Mayor tuvo un significado especial para el barrio, permitiendo que uno de sus hijos regresara a Barrial para participar en una de las jornadas m\u00e1s importantes de sus fiestas. La celebraci\u00f3n religiosa volvi\u00f3 a poner de manifiesto el profundo v\u00ednculo que existe entre la comunidad y la advocaci\u00f3n de Mar\u00eda bajo la imagen de Nuestra Se\u00f1ora de los Desamparados.<\/p>\n<p>La iglesia volvi\u00f3 a registrar una gran asistencia, demostrando el fervor y la fe que los fieles mantienen hacia la patrona. Vecinos y visitantes compartieron una celebraci\u00f3n en la que se puso de manifiesto que, seis d\u00e9cadas despu\u00e9s de su llegada, la devoci\u00f3n a Nuestra Se\u00f1ora de los Desamparados contin\u00faa formando parte esencial de la identidad de Barrial.<\/p>\n<p>Durante la celebraci\u00f3n tampoco faltaron quienes cumplieron con sus promesas. Algunas personas acompa\u00f1aron a la Virgen descalzas durante la procesi\u00f3n, como muestra de fe, agradecimiento y compromiso personal, manteniendo viva una de las expresiones m\u00e1s profundas de la devoci\u00f3n popular.<\/p>\n<p>Una vez finalizada la Eucarist\u00eda, Nuestra Se\u00f1ora de los Desamparados sali\u00f3 de la iglesia para recorrer las calles de Barrial en procesi\u00f3n. La imagen fue acompa\u00f1ada por una multitud de fieles, que caminaron junto a la patrona en un recorrido cargado de emoci\u00f3n, respeto y devoci\u00f3n.<\/p>\n<p>La procesi\u00f3n tuvo adem\u00e1s un significado especial al cumplirse 60 a\u00f1os de la llegada de la actual imagen al barrio. En octubre de 1965, miembros de la Comisi\u00f3n de Fiestas, encabezada por su presidente, Don Eusebio del Rosario Sosa, mantuvieron una reuni\u00f3n con el escultor galdense D. Juan Borges Linares para abordar el encargo de la talla. La obra comenz\u00f3 en aquellas fechas y qued\u00f3 culminada a principios de julio de 1966.<\/p>\n<p>La imagen fue bendecida el 18 de julio de 1966 en la iglesia de San Isidro Labrador, donde fue proclamada patrona de Barrial. Tras la ceremonia fue trasladada en solemne procesi\u00f3n hasta el barrio, donde la esperaba una multitud que la recibi\u00f3 con j\u00fabilo y emoci\u00f3n, en una jornada que qued\u00f3 profundamente grabada en la memoria colectiva de sus vecinos.<\/p>\n<p>Seis d\u00e9cadas despu\u00e9s, aquella misma imagen volvi\u00f3 a recorrer las calles de Barrial arropada por sus vecinos. La historia se hizo presente de nuevo en cada paso de la procesi\u00f3n, uniendo el recuerdo de aquella llegada de 1966 con la devoci\u00f3n que el barrio contin\u00faa demostrando en la actualidad.<\/p>\n<p>El recorrido cont\u00f3 con el acompa\u00f1amiento musical de la banda Vitamina Band y con la presencia del presidente de la A.V. \u201cAmagro\u201d, Jos\u00e9 Garc\u00eda, el p\u00e1rroco de Barrial, D. Marcos Arencibia, el alcalde en funciones de G\u00e1ldar, Julio Mateo, el pregonero de las fiestas, Antonio Mar\u00eda Ben\u00edtez, as\u00ed como otros miembros del grupo de gobierno municipal.<\/p>\n<p>Las calles del barrio volvieron a convertirse en punto de encuentro para vecinos y visitantes, que acompa\u00f1aron a la patrona durante su recorrido. Las muestras de emoci\u00f3n, el cumplimiento de las promesas y la participaci\u00f3n de numerosos fieles dieron forma a una procesi\u00f3n que volvi\u00f3 a reflejar el profundo sentimiento que Barrial mantiene hacia Nuestra Se\u00f1ora de los Desamparados.<\/p>\n<p>La jornada contin\u00faa esta tarde con la fiesta regresando a las calles de Barrial. A las 19:30 horas tendr\u00e1 lugar el Desfile de Carrozas y la Batalla de Flores, uno de los actos m\u00e1s esperados por vecinos y visitantes y que volver\u00e1 a llenar de color y ambiente festivo las calles del barrio.<\/p>\n<p>Una vez finalizado el recorrido, la Plaza Jos\u00e9 Rodr\u00edguez Quintana acoger\u00e1 el espect\u00e1culo de humor y transformismo Los Salaitos, que pondr\u00e1 el cierre a una jornada especialmente se\u00f1alada dentro del programa de las fiestas.<\/p>\n<p>Sesenta a\u00f1os despu\u00e9s de aquella primera llegada, Barrial contin\u00faa saliendo a las calles para encontrarse con su patrona. Las generaciones se suceden, pero la devoci\u00f3n permanece intacta, mientras la celebraci\u00f3n combina durante esta jornada la tradici\u00f3n religiosa con el car\u00e1cter festivo y comunitario que identifica a las fiestas de Barrial.<\/p>\n<h4 style=\"text-align: center;\"><strong><a href=\"https:\/\/nublo.tv\/index.php\/hemeroteca\/?nublo_watch=Kb9E1rHjovk\">ENLACE AL VIDEO DE LA PROCESI\u00d3N<\/a><\/strong><\/h4>\n","protected":false},"excerpt":{"rendered":"<p>Barrial acaba de vivir el D\u00eda Mayor de sus fiestas en honor a Nuestra Se\u00f1ora de los Desamparados, una jornada especialmente significativa que volvi\u00f3 a reunir a numerosos vecinos y visitantes en torno a la patrona del barrio, coincidiendo adem\u00e1s con el 60 aniversario de la llegada de su imagen a Barrial. La jornada comenz\u00f3 [&hellip;]<\/p>\n","protected":false},"author":50,"featured_media":18535,"comment_status":"open","ping_status":"open","sticky":false,"template":"","format":"standard","meta":{"wpai_generated_summary":"","wpai_meta_description":"","footnotes":""},"categories":[153],"tags":[],"class_list":["post-18534","post","type-post","status-publish","format-standard","has-post-thumbnail","hentry","category-galdar"],"_links":{"self":[{"href":"https:\/\/nublo.tv\/index.php\/wp-json\/wp\/v2\/posts\/18534","targetHints":{"allow":["GET"]}}],"collection":[{"href":"https:\/\/nublo.tv\/index.php\/wp-json\/wp\/v2\/posts"}],"about":[{"href":"https:\/\/nublo.tv\/index.php\/wp-json\/wp\/v2\/types\/post"}],"author":[{"embeddable":true,"href":"https:\/\/nublo.tv\/index.php\/wp-json\/wp\/v2\/users\/50"}],"replies":[{"embeddable":true,"href":"https:\/\/nublo.tv\/index.php\/wp-json\/wp\/v2\/comments?post=18534"}],"version-history":[{"count":3,"href":"https:\/\/nublo.tv\/index.php\/wp-json\/wp\/v2\/posts\/18534\/revisions"}],"predecessor-version":[{"id":18538,"href":"https:\/\/nublo.tv\/index.php\/wp-json\/wp\/v2\/posts\/18534\/revisions\/18538"}],"wp:featuredmedia":[{"embeddable":true,"href":"https:\/\/nublo.tv\/index.php\/wp-json\/wp\/v2\/media\/18535"}],"wp:attachment":[{"href":"https:\/\/nublo.tv\/index.php\/wp-json\/wp\/v2\/media?parent=18534"}],"wp:term":[{"taxonomy":"category","embeddable":true,"href":"https:\/\/nublo.tv\/index.php\/wp-json\/wp\/v2\/categories?post=18534"},{"taxonomy":"post_tag","embeddable":true,"href":"https:\/\/nublo.tv\/index.php\/wp-json\/wp\/v2\/tags?post=18534"}],"curies":[{"name":"wp","href":"https:\/\/api.w.org\/{rel}","templated":true}]}}