{"id":1854,"date":"2026-08-06T13:37:53","date_gmt":"2026-08-06T12:37:53","guid":{"rendered":"https:\/\/nublo.tv\/?p=1854"},"modified":"2026-08-06T13:37:53","modified_gmt":"2026-08-06T12:37:53","slug":"valsequillo-arropa-al-pueblo-venezolano-con-un-emotivo-acto-solidario-ayuntamiento-de-valsequillo-de-gran-canaria","status":"publish","type":"post","link":"https:\/\/nublo.tv\/index.php\/2026\/08\/06\/valsequillo-arropa-al-pueblo-venezolano-con-un-emotivo-acto-solidario-ayuntamiento-de-valsequillo-de-gran-canaria\/","title":{"rendered":"Valsequillo arropa al pueblo venezolano con un emotivo acto solidario &#8211; Ayuntamiento de Valsequillo de Gran Canaria"},"content":{"rendered":"<div><img decoding=\"async\" src=\"https:\/\/www.valsequillogc.es\/ayto3\/wp-content\/uploads\/2026\/08\/20260604-Solidaridad-Venezuela.jpeg\" style=\"width: 100%\" \/><\/p>\n<div>La plaza de El Pilar se convirti\u00f3 ayer tarde en un espacio de encuentro, fraternidad y solidaridad internacional. El Ayuntamiento de Valsequillo organiz\u00f3 un modesto pero emotivo acto de solidaridad &#8230; Leer m\u00e1s<\/div>\n<\/div>\n","protected":false},"excerpt":{"rendered":"<p>La plaza de El Pilar se convirti\u00f3 ayer tarde en un espacio de encuentro, fraternidad y solidaridad internacional. El Ayuntamiento de Valsequillo organiz\u00f3 un modesto pero emotivo acto de solidaridad&hellip;<\/p>\n","protected":false},"author":1,"featured_media":1855,"comment_status":"open","ping_status":"open","sticky":false,"template":"","format":"standard","meta":{"wpai_generated_summary":"","wpai_meta_description":"","footnotes":""},"categories":[142],"tags":[],"class_list":["post-1854","post","type-post","status-publish","format-standard","has-post-thumbnail","hentry","category-ayuntamiento-de-valsequillo"],"_links":{"self":[{"href":"https:\/\/nublo.tv\/index.php\/wp-json\/wp\/v2\/posts\/1854","targetHints":{"allow":["GET"]}}],"collection":[{"href":"https:\/\/nublo.tv\/index.php\/wp-json\/wp\/v2\/posts"}],"about":[{"href":"https:\/\/nublo.tv\/index.php\/wp-json\/wp\/v2\/types\/post"}],"author":[{"embeddable":true,"href":"https:\/\/nublo.tv\/index.php\/wp-json\/wp\/v2\/users\/1"}],"replies":[{"embeddable":true,"href":"https:\/\/nublo.tv\/index.php\/wp-json\/wp\/v2\/comments?post=1854"}],"version-history":[{"count":1,"href":"https:\/\/nublo.tv\/index.php\/wp-json\/wp\/v2\/posts\/1854\/revisions"}],"predecessor-version":[{"id":1874,"href":"https:\/\/nublo.tv\/index.php\/wp-json\/wp\/v2\/posts\/1854\/revisions\/1874"}],"wp:featuredmedia":[{"embeddable":true,"href":"https:\/\/nublo.tv\/index.php\/wp-json\/wp\/v2\/media\/1855"}],"wp:attachment":[{"href":"https:\/\/nublo.tv\/index.php\/wp-json\/wp\/v2\/media?parent=1854"}],"wp:term":[{"taxonomy":"category","embeddable":true,"href":"https:\/\/nublo.tv\/index.php\/wp-json\/wp\/v2\/categories?post=1854"},{"taxonomy":"post_tag","embeddable":true,"href":"https:\/\/nublo.tv\/index.php\/wp-json\/wp\/v2\/tags?post=1854"}],"curies":[{"name":"wp","href":"https:\/\/api.w.org\/{rel}","templated":true}]}}