{"id":1856,"date":"2026-08-06T13:37:49","date_gmt":"2026-08-06T12:37:49","guid":{"rendered":"https:\/\/nublo.tv\/?p=1856"},"modified":"2026-08-06T13:37:49","modified_gmt":"2026-08-06T12:37:49","slug":"la-magia-de-coco-el-musical-clausura-el-curso-de-las-escuelas-artisticas-municipales-de-valsequillo-de-gran-canaria-con-un-rotundo-exito-de-participacion-ayuntamiento-de-valsequillo-de-gran-can","status":"publish","type":"post","link":"https:\/\/nublo.tv\/index.php\/2026\/08\/06\/la-magia-de-coco-el-musical-clausura-el-curso-de-las-escuelas-artisticas-municipales-de-valsequillo-de-gran-canaria-con-un-rotundo-exito-de-participacion-ayuntamiento-de-valsequillo-de-gran-can\/","title":{"rendered":"La magia de &#8216;Coco, el musical&#8217; clausura el curso de las Escuelas Art\u00edsticas Municipales de Valsequillo de Gran Canaria con un rotundo \u00e9xito de participaci\u00f3n &#8211; Ayuntamiento de Valsequillo de Gran Canaria"},"content":{"rendered":"<div><img decoding=\"async\" src=\"https:\/\/www.valsequillogc.es\/ayto3\/wp-content\/uploads\/2026\/08\/20260627_Coco-el-musical-Foto-scaled.jpg\" style=\"width: 100%\" \/><\/p>\n<div>Las Escuelas Art\u00edsticas Municipales de Valsequillo de Gran Canaria cerraron el pasado viernes, 27 de junio, el a\u00f1o acad\u00e9mico 2025-2026. El broche de oro lleg\u00f3 de la mano de una &#8230; Leer m\u00e1s<\/div>\n<\/div>\n","protected":false},"excerpt":{"rendered":"<p>Las Escuelas Art\u00edsticas Municipales de Valsequillo de Gran Canaria cerraron el pasado viernes, 27 de junio, el a\u00f1o acad\u00e9mico 2025-2026. El broche de oro lleg\u00f3 de la mano de una&hellip;<\/p>\n","protected":false},"author":1,"featured_media":1857,"comment_status":"open","ping_status":"open","sticky":false,"template":"","format":"standard","meta":{"wpai_generated_summary":"","wpai_meta_description":"","footnotes":""},"categories":[142],"tags":[],"class_list":["post-1856","post","type-post","status-publish","format-standard","has-post-thumbnail","hentry","category-ayuntamiento-de-valsequillo"],"_links":{"self":[{"href":"https:\/\/nublo.tv\/index.php\/wp-json\/wp\/v2\/posts\/1856","targetHints":{"allow":["GET"]}}],"collection":[{"href":"https:\/\/nublo.tv\/index.php\/wp-json\/wp\/v2\/posts"}],"about":[{"href":"https:\/\/nublo.tv\/index.php\/wp-json\/wp\/v2\/types\/post"}],"author":[{"embeddable":true,"href":"https:\/\/nublo.tv\/index.php\/wp-json\/wp\/v2\/users\/1"}],"replies":[{"embeddable":true,"href":"https:\/\/nublo.tv\/index.php\/wp-json\/wp\/v2\/comments?post=1856"}],"version-history":[{"count":1,"href":"https:\/\/nublo.tv\/index.php\/wp-json\/wp\/v2\/posts\/1856\/revisions"}],"predecessor-version":[{"id":1873,"href":"https:\/\/nublo.tv\/index.php\/wp-json\/wp\/v2\/posts\/1856\/revisions\/1873"}],"wp:featuredmedia":[{"embeddable":true,"href":"https:\/\/nublo.tv\/index.php\/wp-json\/wp\/v2\/media\/1857"}],"wp:attachment":[{"href":"https:\/\/nublo.tv\/index.php\/wp-json\/wp\/v2\/media?parent=1856"}],"wp:term":[{"taxonomy":"category","embeddable":true,"href":"https:\/\/nublo.tv\/index.php\/wp-json\/wp\/v2\/categories?post=1856"},{"taxonomy":"post_tag","embeddable":true,"href":"https:\/\/nublo.tv\/index.php\/wp-json\/wp\/v2\/tags?post=1856"}],"curies":[{"name":"wp","href":"https:\/\/api.w.org\/{rel}","templated":true}]}}