{"id":18579,"date":"2026-08-30T23:35:42","date_gmt":"2026-08-30T22:35:42","guid":{"rendered":"https:\/\/nublo.tv\/?p=18579"},"modified":"2026-08-31T00:12:32","modified_gmt":"2026-08-30T23:12:32","slug":"una-batalla-de-flores-llena-de-color-y-diversion-vuelve-a-conquistar-las-calles-de-barrial","status":"publish","type":"post","link":"https:\/\/nublo.tv\/index.php\/2026\/08\/30\/una-batalla-de-flores-llena-de-color-y-diversion-vuelve-a-conquistar-las-calles-de-barrial\/","title":{"rendered":"Una Batalla de Flores llena de color y diversi\u00f3n vuelve a conquistar las calles de Barrial"},"content":{"rendered":"<h3>Una Batalla de Flores llena de color y diversi\u00f3n vuelve a conquistar las calles de Barrial<\/h3>\n<p>Barrial volvi\u00f3 a vivir este domingo una de las jornadas m\u00e1s esperadas de sus fiestas en honor a Nuestra Se\u00f1ora de Los Desamparados con la celebraci\u00f3n del Desfile de Carrozas y la tradicional Batalla de Flores, un acto que congreg\u00f3 a un gran n\u00famero de vecinos y visitantes y que convirti\u00f3 las calles del barrio en un aut\u00e9ntico escenario de fiesta, color y participaci\u00f3n.<\/p>\n<p>Las cinco carrozas participantes desfilaron dedicadas a la naturaleza, mostrando diferentes propuestas que pusieron de manifiesto el trabajo, la imaginaci\u00f3n y la creatividad de quienes hacen posible esta celebraci\u00f3n. El recorrido cont\u00f3 tambi\u00e9n con la animaci\u00f3n de las charangas Vitamina Band y Guiniguada, que pusieron la m\u00fasica a la tarde, adem\u00e1s de la presencia de los Papag\u00fcevos de San Isidro, que se sumaron al desfile aportando su particular colorido y animaci\u00f3n.<\/p>\n<p>Tras la primera vuelta de las carrozas lleg\u00f3 uno de los momentos m\u00e1s esperados de la jornada, cuando las calles de Barrial se transformaron en el escenario de una aut\u00e9ntica batalla campal de un todo contra todos. Las tradicionales bolas rellenas de confeti comenzaron a volar de un lado a otro, dando paso a una celebraci\u00f3n desenfadada en la que vecinos y visitantes participaron activamente, convirtiendo durante unos minutos las calles en un aut\u00e9ntico campo de batalla festivo.<\/p>\n<p>La jornada volvi\u00f3 a tener un marcado car\u00e1cter intergeneracional, con hasta cuatro generaciones compartiendo las calles y disfrutando juntas de una celebraci\u00f3n que se ha convertido, con el paso de los a\u00f1os, en uno de los actos m\u00e1s esperados de las fiestas. Ni\u00f1os, j\u00f3venes, adultos y mayores participaron de una misma fiesta en la que la diversi\u00f3n, la espontaneidad y las ganas de disfrutar en comunidad fueron las grandes protagonistas.<\/p>\n<p>La Batalla de Flores volvi\u00f3 a demostrar as\u00ed que es mucho m\u00e1s que un desfile de carrozas. Es una celebraci\u00f3n en la que el pueblo participa de manera activa, espont\u00e1nea y desenfadada, manteniendo viva una de las tradiciones m\u00e1s participativas de las fiestas de Barrial y convirtiendo sus calles en un punto de encuentro para varias generaciones.<\/p>\n<p>La fiesta continu\u00f3 posteriormente en la Plaza Jos\u00e9 Rodr\u00edguez Quintana con la actuaci\u00f3n de Los Salaitos, que congreg\u00f3 a un destacado n\u00famero de asistentes. El p\u00fablico se convirti\u00f3 en parte activa del espect\u00e1culo, participando y siguiendo con entusiasmo los diferentes n\u00fameros que fue interpretando el grupo de transformismo a lo largo de una actuaci\u00f3n que se prolong\u00f3 durante casi dos horas.<\/p>\n<p>El humor, la m\u00fasica y la interacci\u00f3n constante con el p\u00fablico marcaron una propuesta que consigui\u00f3 mantener el ambiente festivo hasta el \u00faltimo momento y que dej\u00f3 un gran sabor de boca entre los asistentes, poniendo el broche final a una jornada especialmente participativa dentro de las fiestas de Barrial.<\/p>\n<p>&nbsp;<\/p>\n<h3 style=\"text-align: center;\"><a href=\"https:\/\/nublo.tv\/index.php\/hemeroteca\/?nublo_watch=ksNOrvVirmk\"><strong>VIVELO DE NUEVO EN LA HEMEROTECA<\/strong><\/a><\/h3>\n","protected":false},"excerpt":{"rendered":"<p>Una Batalla de Flores llena de color y diversi\u00f3n vuelve a conquistar las calles de Barrial Barrial volvi\u00f3 a vivir este domingo una de las jornadas m\u00e1s esperadas de sus fiestas en honor a Nuestra Se\u00f1ora de Los Desamparados con la celebraci\u00f3n del Desfile de Carrozas y la tradicional Batalla de Flores, un acto que [&hellip;]<\/p>\n","protected":false},"author":50,"featured_media":18581,"comment_status":"open","ping_status":"open","sticky":false,"template":"","format":"standard","meta":{"wpai_generated_summary":"","wpai_meta_description":"","footnotes":""},"categories":[153],"tags":[],"class_list":["post-18579","post","type-post","status-publish","format-standard","has-post-thumbnail","hentry","category-galdar"],"_links":{"self":[{"href":"https:\/\/nublo.tv\/index.php\/wp-json\/wp\/v2\/posts\/18579","targetHints":{"allow":["GET"]}}],"collection":[{"href":"https:\/\/nublo.tv\/index.php\/wp-json\/wp\/v2\/posts"}],"about":[{"href":"https:\/\/nublo.tv\/index.php\/wp-json\/wp\/v2\/types\/post"}],"author":[{"embeddable":true,"href":"https:\/\/nublo.tv\/index.php\/wp-json\/wp\/v2\/users\/50"}],"replies":[{"embeddable":true,"href":"https:\/\/nublo.tv\/index.php\/wp-json\/wp\/v2\/comments?post=18579"}],"version-history":[{"count":3,"href":"https:\/\/nublo.tv\/index.php\/wp-json\/wp\/v2\/posts\/18579\/revisions"}],"predecessor-version":[{"id":18587,"href":"https:\/\/nublo.tv\/index.php\/wp-json\/wp\/v2\/posts\/18579\/revisions\/18587"}],"wp:featuredmedia":[{"embeddable":true,"href":"https:\/\/nublo.tv\/index.php\/wp-json\/wp\/v2\/media\/18581"}],"wp:attachment":[{"href":"https:\/\/nublo.tv\/index.php\/wp-json\/wp\/v2\/media?parent=18579"}],"wp:term":[{"taxonomy":"category","embeddable":true,"href":"https:\/\/nublo.tv\/index.php\/wp-json\/wp\/v2\/categories?post=18579"},{"taxonomy":"post_tag","embeddable":true,"href":"https:\/\/nublo.tv\/index.php\/wp-json\/wp\/v2\/tags?post=18579"}],"curies":[{"name":"wp","href":"https:\/\/api.w.org\/{rel}","templated":true}]}}