{"id":18588,"date":"2026-08-31T10:35:53","date_gmt":"2026-08-31T09:35:53","guid":{"rendered":"https:\/\/nublo.tv\/?p=18588"},"modified":"2026-08-31T10:35:53","modified_gmt":"2026-08-31T09:35:53","slug":"telde-abre-septiembre-con-tres-exposiciones-de-fotografia-artes-plasticas-y-espiritualidad","status":"publish","type":"post","link":"https:\/\/nublo.tv\/index.php\/2026\/08\/31\/telde-abre-septiembre-con-tres-exposiciones-de-fotografia-artes-plasticas-y-espiritualidad\/","title":{"rendered":"Telde abre septiembre con tres exposiciones de fotograf\u00eda, artes pl\u00e1sticas y espiritualidad"},"content":{"rendered":"<p><strong>Telde abre septiembre con tres exposiciones de fotograf\u00eda, artes pl\u00e1sticas y espiritualidad en las Casas Consistoriales y la Iglesia Hospitalaria San Pedro M\u00e1rtir.<\/strong><\/p>\n<p>El Ayuntamiento de Telde, a trav\u00e9s de la Concejal\u00eda de Cultura dirigida por Juan\u202fMartel, y con la colaboraci\u00f3n de la empresa p\u00fablica GESTEL, ha programado una agenda expositiva que se desarrollar\u00e1 pr\u00e1cticamente durante todo el mes.<\/p>\n<p>La exposici\u00f3n fotogr\u00e1fica \u201cEl Papa en Gran Canaria: La Mirada de Antonio Al\u00ed\u201d se inaugurar\u00e1 el 1\u202fde septiembre a las 19.00 horas en las Casas Consistoriales y permanecer\u00e1 abierta hasta el 16\u202fde septiembre. La muestra recoge instantes de la hist\u00f3rica visita del Papa a Gran Canaria.<\/p>\n<p>El 11\u202fde septiembre se abrir\u00e1 \u201cArgonauta\u202fII: La Promesa\u201d de Jos\u00e9 Blanko en la Iglesia Hospitalaria San Pedro M\u00e1rtir de Verona, con horario de visita lunes y viernes de 10.30 a 13.00 h y mi\u00e9rcoles de 17.00 a 19.30 h, hasta el 30\u202fde septiembre.<\/p>\n<p>A partir del 18\u202fde septiembre, las Casas Consistoriales recibir\u00e1n \u201cDonde Nace la Luz\u201d de Rachel\u202fAr, que seguir\u00e1 en exposici\u00f3n hasta el 5\u202foctubre.<\/p>\n<p>Juan\u202fMartel afirma que esta programaci\u00f3n \u201cpermite seguir dando vida a nuestros espacios culturales y ofrecer a la ciudadan\u00eda propuestas muy diferentes entre s\u00ed, pero todas ellas con una importante capacidad para emocionar, generar reflexi\u00f3n y acercar el arte a p\u00fablicos diversos\u201d.<\/p>\n<p>El concejal subraya la apuesta del Ayuntamiento y de GESTEL por mantener una oferta cultural continuada durante todo el a\u00f1o, \u201cfacilitando que nuestros espacios patrimoniales y culturales sean tambi\u00e9n lugares vivos, abiertos a los creadores y al encuentro con la ciudadan\u00eda\u201d.<\/p>\n<p>Con este programa, Telde consolida sus espacios hist\u00f3ricos como principales puntos para la difusi\u00f3n de las artes visuales en el mes de septiembre.<\/p>\n","protected":false},"excerpt":{"rendered":"<p>https:\/\/www.telde.es\/wp-content\/uploads\/2026\/08\/noticia704.jpgTelde, agosto de 2026.- El Ayuntamiento de Telde, a trav\u00e9s de la Concejal\u00eda de Cultura, que dirige Juan Martel, y con la colaboraci\u00f3n de la empresa p\u00fablica GESTEL, afronta el&hellip;<\/p>\n","protected":false},"author":1,"featured_media":18603,"comment_status":"open","ping_status":"open","sticky":false,"template":"","format":"standard","meta":{"wpai_generated_summary":"","wpai_meta_description":"","footnotes":""},"categories":[140],"tags":[],"class_list":["post-18588","post","type-post","status-publish","format-standard","has-post-thumbnail","hentry","category-ayuntamiento-de-telde"],"_links":{"self":[{"href":"https:\/\/nublo.tv\/index.php\/wp-json\/wp\/v2\/posts\/18588","targetHints":{"allow":["GET"]}}],"collection":[{"href":"https:\/\/nublo.tv\/index.php\/wp-json\/wp\/v2\/posts"}],"about":[{"href":"https:\/\/nublo.tv\/index.php\/wp-json\/wp\/v2\/types\/post"}],"author":[{"embeddable":true,"href":"https:\/\/nublo.tv\/index.php\/wp-json\/wp\/v2\/users\/1"}],"replies":[{"embeddable":true,"href":"https:\/\/nublo.tv\/index.php\/wp-json\/wp\/v2\/comments?post=18588"}],"version-history":[{"count":2,"href":"https:\/\/nublo.tv\/index.php\/wp-json\/wp\/v2\/posts\/18588\/revisions"}],"predecessor-version":[{"id":18619,"href":"https:\/\/nublo.tv\/index.php\/wp-json\/wp\/v2\/posts\/18588\/revisions\/18619"}],"wp:featuredmedia":[{"embeddable":true,"href":"https:\/\/nublo.tv\/index.php\/wp-json\/wp\/v2\/media\/18603"}],"wp:attachment":[{"href":"https:\/\/nublo.tv\/index.php\/wp-json\/wp\/v2\/media?parent=18588"}],"wp:term":[{"taxonomy":"category","embeddable":true,"href":"https:\/\/nublo.tv\/index.php\/wp-json\/wp\/v2\/categories?post=18588"},{"taxonomy":"post_tag","embeddable":true,"href":"https:\/\/nublo.tv\/index.php\/wp-json\/wp\/v2\/tags?post=18588"}],"curies":[{"name":"wp","href":"https:\/\/api.w.org\/{rel}","templated":true}]}}