{"id":18590,"date":"2026-08-31T10:35:26","date_gmt":"2026-08-31T09:35:26","guid":{"rendered":"https:\/\/nublo.tv\/?p=18590"},"modified":"2026-08-31T10:35:26","modified_gmt":"2026-08-31T09:35:26","slug":"arucas-habilitara-un-aparcamiento-provisional-en-banaderos-para-ampliar-plazas","status":"publish","type":"post","link":"https:\/\/nublo.tv\/index.php\/2026\/08\/31\/arucas-habilitara-un-aparcamiento-provisional-en-banaderos-para-ampliar-plazas\/","title":{"rendered":"Arucas habilitar\u00e1 un aparcamiento provisional en Ba\u00f1aderos para ampliar plazas"},"content":{"rendered":"<p><strong>El Ayuntamiento de Arucas acondicionar\u00e1 una parcela en el sector III de Ba\u00f1aderos para crear un aparcamiento provisional y ampliar las plazas de estacionamiento en la zona.<\/strong><\/p>\n<p>La parcela, ubicada en la calle Oc\u00e9ano Atl\u00e1ntico a la altura de Mercadona, ser\u00e1 acondicionada para su uso como aparcamiento una vez finalicen los trabajos. La actuaci\u00f3n busca responder a la demanda de los vecinos por m\u00e1s opciones de estacionamiento en el \u00e1rea.<\/p>\n<p>El consistorio ha agradecido la colaboraci\u00f3n de los copropietarios de la parcela, que han cedido el espacio para este fin. La intervenci\u00f3n forma parte de las medidas del Ayuntamiento para mejorar el estacionamiento en distintos puntos del municipio.<\/p>\n","protected":false},"excerpt":{"rendered":"<p>El espacio, situado en la calle Oc\u00e9ano Atl\u00e1ntico, a la altura de Mercadona, permitir\u00e1 ampliar las opciones de estacionamiento en la zona una vez finalicen los trabajos de acondicionamiento. El&hellip;<\/p>\n","protected":false},"author":1,"featured_media":18613,"comment_status":"open","ping_status":"open","sticky":false,"template":"","format":"standard","meta":{"wpai_generated_summary":"","wpai_meta_description":"","footnotes":""},"categories":[127],"tags":[],"class_list":["post-18590","post","type-post","status-publish","format-standard","has-post-thumbnail","hentry","category-ayuntamiento-de-arucas"],"_links":{"self":[{"href":"https:\/\/nublo.tv\/index.php\/wp-json\/wp\/v2\/posts\/18590","targetHints":{"allow":["GET"]}}],"collection":[{"href":"https:\/\/nublo.tv\/index.php\/wp-json\/wp\/v2\/posts"}],"about":[{"href":"https:\/\/nublo.tv\/index.php\/wp-json\/wp\/v2\/types\/post"}],"author":[{"embeddable":true,"href":"https:\/\/nublo.tv\/index.php\/wp-json\/wp\/v2\/users\/1"}],"replies":[{"embeddable":true,"href":"https:\/\/nublo.tv\/index.php\/wp-json\/wp\/v2\/comments?post=18590"}],"version-history":[{"count":2,"href":"https:\/\/nublo.tv\/index.php\/wp-json\/wp\/v2\/posts\/18590\/revisions"}],"predecessor-version":[{"id":18614,"href":"https:\/\/nublo.tv\/index.php\/wp-json\/wp\/v2\/posts\/18590\/revisions\/18614"}],"wp:featuredmedia":[{"embeddable":true,"href":"https:\/\/nublo.tv\/index.php\/wp-json\/wp\/v2\/media\/18613"}],"wp:attachment":[{"href":"https:\/\/nublo.tv\/index.php\/wp-json\/wp\/v2\/media?parent=18590"}],"wp:term":[{"taxonomy":"category","embeddable":true,"href":"https:\/\/nublo.tv\/index.php\/wp-json\/wp\/v2\/categories?post=18590"},{"taxonomy":"post_tag","embeddable":true,"href":"https:\/\/nublo.tv\/index.php\/wp-json\/wp\/v2\/tags?post=18590"}],"curies":[{"name":"wp","href":"https:\/\/api.w.org\/{rel}","templated":true}]}}