{"id":18592,"date":"2026-08-31T10:35:48","date_gmt":"2026-08-31T09:35:48","guid":{"rendered":"https:\/\/nublo.tv\/?p=18592"},"modified":"2026-08-31T10:35:48","modified_gmt":"2026-08-31T09:35:48","slug":"myriam-castillo-profesional-de-efectos-visuales-de-telde-participara-en-la-san-diego-comic-con-malaga","status":"publish","type":"post","link":"https:\/\/nublo.tv\/index.php\/2026\/08\/31\/myriam-castillo-profesional-de-efectos-visuales-de-telde-participara-en-la-san-diego-comic-con-malaga\/","title":{"rendered":"Myriam Castillo, profesional de efectos visuales de Telde, participar\u00e1 en la San Diego Comic-Con M\u00e1laga"},"content":{"rendered":"<p><strong>La teldense Myriam S. Castillo, especialista en efectos visuales, formar\u00e1 parte de la San Diego Comic-Con M\u00e1laga 2026, que se celebrar\u00e1 del 1 al 4 de octubre en FYCMA.<\/strong><\/p>\n<p>La organizaci\u00f3n ha confirmado su participaci\u00f3n los d\u00edas 2 y 3 de octubre, donde compartir\u00e1 su experiencia en la creaci\u00f3n de efectos visuales para producciones internacionales. Castillo trabaja actualmente como FX Technical Director en Framestore, uno de los estudios l\u00edderes en el sector.<\/p>\n<p>Su trayectoria incluye colaboraciones en proyectos como Juego de Tronos, Guardianes de la Galaxia Vol. 3, Rebel Moon, Loki o Supergirl. El alcalde de Telde, Juan Antonio Pe\u00f1a, ha destacado su carrera como ejemplo para j\u00f3venes interesados en la industria audiovisual.<\/p>\n<p>El evento permitir\u00e1 al p\u00fablico conocer el trabajo detr\u00e1s de los efectos visuales, un \u00e1rea fundamental en el cine y las series actuales.<\/p>\n","protected":false},"excerpt":{"rendered":"<p>https:\/\/www.telde.es\/wp-content\/uploads\/2026\/08\/noticia706.jpgTelde, 28 de agosto de 2026.- La profesional de los efectos visuales Myriam S. Castillo estar\u00e1 entre los invitados de la pr\u00f3xima edici\u00f3n de San Diego Comic-Con M\u00e1laga 2026, uno&hellip;<\/p>\n","protected":false},"author":1,"featured_media":18605,"comment_status":"open","ping_status":"open","sticky":false,"template":"","format":"standard","meta":{"wpai_generated_summary":"","wpai_meta_description":"","footnotes":""},"categories":[140],"tags":[],"class_list":["post-18592","post","type-post","status-publish","format-standard","has-post-thumbnail","hentry","category-ayuntamiento-de-telde"],"_links":{"self":[{"href":"https:\/\/nublo.tv\/index.php\/wp-json\/wp\/v2\/posts\/18592","targetHints":{"allow":["GET"]}}],"collection":[{"href":"https:\/\/nublo.tv\/index.php\/wp-json\/wp\/v2\/posts"}],"about":[{"href":"https:\/\/nublo.tv\/index.php\/wp-json\/wp\/v2\/types\/post"}],"author":[{"embeddable":true,"href":"https:\/\/nublo.tv\/index.php\/wp-json\/wp\/v2\/users\/1"}],"replies":[{"embeddable":true,"href":"https:\/\/nublo.tv\/index.php\/wp-json\/wp\/v2\/comments?post=18592"}],"version-history":[{"count":2,"href":"https:\/\/nublo.tv\/index.php\/wp-json\/wp\/v2\/posts\/18592\/revisions"}],"predecessor-version":[{"id":18618,"href":"https:\/\/nublo.tv\/index.php\/wp-json\/wp\/v2\/posts\/18592\/revisions\/18618"}],"wp:featuredmedia":[{"embeddable":true,"href":"https:\/\/nublo.tv\/index.php\/wp-json\/wp\/v2\/media\/18605"}],"wp:attachment":[{"href":"https:\/\/nublo.tv\/index.php\/wp-json\/wp\/v2\/media?parent=18592"}],"wp:term":[{"taxonomy":"category","embeddable":true,"href":"https:\/\/nublo.tv\/index.php\/wp-json\/wp\/v2\/categories?post=18592"},{"taxonomy":"post_tag","embeddable":true,"href":"https:\/\/nublo.tv\/index.php\/wp-json\/wp\/v2\/tags?post=18592"}],"curies":[{"name":"wp","href":"https:\/\/api.w.org\/{rel}","templated":true}]}}