{"id":18594,"date":"2026-08-31T10:35:38","date_gmt":"2026-08-31T09:35:38","guid":{"rendered":"https:\/\/nublo.tv\/?p=18594"},"modified":"2026-08-31T10:35:38","modified_gmt":"2026-08-31T09:35:38","slug":"la-aldea-de-san-nicolas-representara-una-obra-de-teatro-sobre-el-pleito-de-la-aldea-el-3-de-septiembre","status":"publish","type":"post","link":"https:\/\/nublo.tv\/index.php\/2026\/08\/31\/la-aldea-de-san-nicolas-representara-una-obra-de-teatro-sobre-el-pleito-de-la-aldea-el-3-de-septiembre\/","title":{"rendered":"La Aldea de San Nicol\u00e1s representar\u00e1 una obra de teatro sobre el Pleito de La Aldea el 3 de septiembre"},"content":{"rendered":"<p><strong>El Ayuntamiento de La Aldea de San Nicol\u00e1s ha organizado una obra de teatro sobre el Pleito de La Aldea, que se representar\u00e1 el 3 de septiembre a las 20:30 horas en el Centro Municipal de Cultura.<\/strong><\/p>\n<p>La representaci\u00f3n forma parte de los actos conmemorativos del Centenario del Fin del Pleito de La Aldea (1927-2027) y busca acercar al p\u00fablico m\u00e1s de tres siglos de historia, lucha y reivindicaci\u00f3n en torno a la propiedad de la tierra y el agua.<\/p>\n<p>Un elenco de actores y actrices dar\u00e1 vida a los protagonistas y pasajes clave de este conflicto hist\u00f3rico, que marc\u00f3 la identidad del municipio. La obra cuenta con la colaboraci\u00f3n de la Consejer\u00eda de Cultura del Cabildo de Gran Canaria, dirigida por Guacimara Medina.<\/p>\n<p>El concejal de Cultura, V\u00edctor Juan Hern\u00e1ndez, ha destacado el esfuerzo y la responsabilidad asumidos por el elenco, as\u00ed como el trabajo realizado para la puesta en escena. Hern\u00e1ndez ha subrayado que la obra busca emocionar al p\u00fablico y dar a conocer la historia de lucha del pueblo.<\/p>\n<p>La entrada es libre y est\u00e1 dirigida a toda la ciudadan\u00eda, como parte de los actos conmemorativos del centenario.<\/p>\n","protected":false},"excerpt":{"rendered":"<p>El Ayuntamiento de La Aldea de San Nicol\u00e1s, a trav\u00e9s de la Concejal\u00eda de Cultura que dirige V\u00edctor Juan Hern\u00e1ndez, comienza la cuenta atr\u00e1s para uno de los actos m\u00e1s&hellip;<\/p>\n","protected":false},"author":1,"featured_media":18609,"comment_status":"open","ping_status":"open","sticky":false,"template":"","format":"standard","meta":{"wpai_generated_summary":"","wpai_meta_description":"","footnotes":""},"categories":[131],"tags":[],"class_list":["post-18594","post","type-post","status-publish","format-standard","has-post-thumbnail","hentry","category-ayuntamiento-de-la-aldea-de-san-nicolas"],"_links":{"self":[{"href":"https:\/\/nublo.tv\/index.php\/wp-json\/wp\/v2\/posts\/18594","targetHints":{"allow":["GET"]}}],"collection":[{"href":"https:\/\/nublo.tv\/index.php\/wp-json\/wp\/v2\/posts"}],"about":[{"href":"https:\/\/nublo.tv\/index.php\/wp-json\/wp\/v2\/types\/post"}],"author":[{"embeddable":true,"href":"https:\/\/nublo.tv\/index.php\/wp-json\/wp\/v2\/users\/1"}],"replies":[{"embeddable":true,"href":"https:\/\/nublo.tv\/index.php\/wp-json\/wp\/v2\/comments?post=18594"}],"version-history":[{"count":2,"href":"https:\/\/nublo.tv\/index.php\/wp-json\/wp\/v2\/posts\/18594\/revisions"}],"predecessor-version":[{"id":18616,"href":"https:\/\/nublo.tv\/index.php\/wp-json\/wp\/v2\/posts\/18594\/revisions\/18616"}],"wp:featuredmedia":[{"embeddable":true,"href":"https:\/\/nublo.tv\/index.php\/wp-json\/wp\/v2\/media\/18609"}],"wp:attachment":[{"href":"https:\/\/nublo.tv\/index.php\/wp-json\/wp\/v2\/media?parent=18594"}],"wp:term":[{"taxonomy":"category","embeddable":true,"href":"https:\/\/nublo.tv\/index.php\/wp-json\/wp\/v2\/categories?post=18594"},{"taxonomy":"post_tag","embeddable":true,"href":"https:\/\/nublo.tv\/index.php\/wp-json\/wp\/v2\/tags?post=18594"}],"curies":[{"name":"wp","href":"https:\/\/api.w.org\/{rel}","templated":true}]}}