{"id":18596,"date":"2026-08-31T10:35:32","date_gmt":"2026-08-31T09:35:32","guid":{"rendered":"https:\/\/nublo.tv\/?p=18596"},"modified":"2026-08-31T10:35:32","modified_gmt":"2026-08-31T09:35:32","slug":"la-aldea-celebra-el-xxxviii-festival-folclorico-el-charco-con-intercambio-cultural-gallego","status":"publish","type":"post","link":"https:\/\/nublo.tv\/index.php\/2026\/08\/31\/la-aldea-celebra-el-xxxviii-festival-folclorico-el-charco-con-intercambio-cultural-gallego\/","title":{"rendered":"La Aldea celebra el XXXVIII Festival Folcl\u00f3rico \u2018El Charco\u2019 con intercambio cultural gallego"},"content":{"rendered":"<p><strong>La Aldea de San Nicol\u00e1s acogi\u00f3 el viernes el XXXVIII Festival Folcl\u00f3rico \u2018El Charco\u2019, un evento dentro de las Fiestas de San Nicol\u00e1s de Tolentino 2026 que reuni\u00f3 a vecinos en torno a la m\u00fasica y tradiciones canarias, con participaci\u00f3n de una agrupaci\u00f3n gallega.<\/strong><\/p>\n<p>El festival, organizado por el \u00c1rea de Patrimonio Hist\u00f3rico y la Fundaci\u00f3n Canaria Proyecto Comunitario de La Aldea, destac\u00f3 por su enfoque en la conservaci\u00f3n del patrimonio cultural inmaterial del municipio.<\/p>\n<p>La edici\u00f3n cont\u00f3 con la actuaci\u00f3n de la Asociaci\u00f3n Cultural e Deportiva Xiada, de A Pobra do Carami\u00f1al (Galicia), en un intercambio cultural que refuerza los v\u00ednculos entre ambos territorios. Tambi\u00e9n participaron Los Sancochos y la Parranda La Aldea, con Antonio Betancor como presentador.<\/p>\n<p>La concejala de Patrimonio Hist\u00f3rico, Ingrid Navarro, subray\u00f3 la importancia del folclore como memoria e identidad, agradeciendo la colaboraci\u00f3n de todos los participantes. El Ayuntamiento agradeci\u00f3 el apoyo del p\u00fablico y las agrupaciones para mantener vivo este festival hist\u00f3rico.<\/p>\n","protected":false},"excerpt":{"rendered":"<p>La Aldea de San Nicol\u00e1s celebr\u00f3 el pasado viernes el XXXVIII Festival Folcl\u00f3rico \u2018El Charco\u2019, una de las citas de las Fiestas de San Nicol\u00e1s de Tolentino 2026 que volvi\u00f3&hellip;<\/p>\n","protected":false},"author":1,"featured_media":18611,"comment_status":"open","ping_status":"open","sticky":false,"template":"","format":"standard","meta":{"wpai_generated_summary":"","wpai_meta_description":"","footnotes":""},"categories":[131],"tags":[],"class_list":["post-18596","post","type-post","status-publish","format-standard","has-post-thumbnail","hentry","category-ayuntamiento-de-la-aldea-de-san-nicolas"],"_links":{"self":[{"href":"https:\/\/nublo.tv\/index.php\/wp-json\/wp\/v2\/posts\/18596","targetHints":{"allow":["GET"]}}],"collection":[{"href":"https:\/\/nublo.tv\/index.php\/wp-json\/wp\/v2\/posts"}],"about":[{"href":"https:\/\/nublo.tv\/index.php\/wp-json\/wp\/v2\/types\/post"}],"author":[{"embeddable":true,"href":"https:\/\/nublo.tv\/index.php\/wp-json\/wp\/v2\/users\/1"}],"replies":[{"embeddable":true,"href":"https:\/\/nublo.tv\/index.php\/wp-json\/wp\/v2\/comments?post=18596"}],"version-history":[{"count":2,"href":"https:\/\/nublo.tv\/index.php\/wp-json\/wp\/v2\/posts\/18596\/revisions"}],"predecessor-version":[{"id":18615,"href":"https:\/\/nublo.tv\/index.php\/wp-json\/wp\/v2\/posts\/18596\/revisions\/18615"}],"wp:featuredmedia":[{"embeddable":true,"href":"https:\/\/nublo.tv\/index.php\/wp-json\/wp\/v2\/media\/18611"}],"wp:attachment":[{"href":"https:\/\/nublo.tv\/index.php\/wp-json\/wp\/v2\/media?parent=18596"}],"wp:term":[{"taxonomy":"category","embeddable":true,"href":"https:\/\/nublo.tv\/index.php\/wp-json\/wp\/v2\/categories?post=18596"},{"taxonomy":"post_tag","embeddable":true,"href":"https:\/\/nublo.tv\/index.php\/wp-json\/wp\/v2\/tags?post=18596"}],"curies":[{"name":"wp","href":"https:\/\/api.w.org\/{rel}","templated":true}]}}