{"id":186,"date":"2026-08-04T17:37:06","date_gmt":"2026-08-04T16:37:06","guid":{"rendered":"https:\/\/nublo.tv\/?p=186"},"modified":"2026-08-04T17:37:06","modified_gmt":"2026-08-04T16:37:06","slug":"la-feria-de-artesania-regresa-este-sabado-a-calle-nueva","status":"publish","type":"post","link":"https:\/\/nublo.tv\/index.php\/2026\/08\/04\/la-feria-de-artesania-regresa-este-sabado-a-calle-nueva\/","title":{"rendered":"La Feria de Artesan\u00eda regresa este s\u00e1bado a Calle Nueva"},"content":{"rendered":"<p><strong>La Feria de Artesan\u00eda de Santa Br\u00edgida<\/strong>\u00a0regresa este s\u00e1bado a Calle Nueva con una amplia y variada selecci\u00f3n de creaciones. Residentes y visitantes podr\u00e1n descubrir una amplia variedad de <strong>creaciones artesanales,<\/strong> desde modelados en porcelana fr\u00eda, joyer\u00eda y bisuter\u00eda hasta flores artificiales, libretas, cerer\u00eda y delicadas piezas de almazuela (patchwork) y macram\u00e9. La oferta incluye tambi\u00e9n accesorios elaborados en resina, papel, tela, seda y vidrio, as\u00ed como mu\u00f1ecos de ganchillo, mochilas, bolsos, duendes decorativos, composiciones florales y cuchiller\u00eda. Se completa con velas artesanales, art\u00edculos de marroquiner\u00eda y piezas confeccionadas en materiales como madera, arcilla y cuerno.<\/p>\n<p>Un total de quince puestos participar\u00e1n el pr\u00f3ximo<strong>\u00a01 de agosto<\/strong>\u00a0en este encuentro, que cada primer s\u00e1bado de mes convierte el espacio en un escaparate del talento artesanal y de los oficios tradicionales. <strong>De 10:00 a 14:00 horas<\/strong>, residentes y visitantes podr\u00e1n recorrer la feria y descubrir piezas elaboradas de forma artesanal y con especial cuidado por el detalle, reflejo de la creatividad y el saber hacer de sus creadores.<\/p>\n<p>Organizada por el\u00a0<strong>Ayuntamiento de Santa Br\u00edgida,\u00a0<\/strong>a trav\u00e9s de la\u00a0<strong>Concejal\u00eda de Comercio, Desarrollo Rural y Mercados Municipales<\/strong>, que dirige\u00a0<strong>Carmen Juez,<\/strong>\u00a0la iniciativa reafirma su apuesta por el comercio de proximidad y por la artesan\u00eda como motor de dinamizaci\u00f3n econ\u00f3mica y cultural, en un espacio donde tradici\u00f3n e innovaci\u00f3n conviven de forma natural.<\/p>\n<p><a href=\"https:\/\/whatsapp.com\/channel\/0029VahknXBDzgTHGJW3DC1v\">S\u00edguenos a trav\u00e9s del canal de WhatsApp<\/a><\/p>\n","protected":false},"excerpt":{"rendered":"<p>La Feria de Artesan\u00eda de Santa Br\u00edgida\u00a0regresa este s\u00e1bado a Calle Nueva con una amplia y variada selecci\u00f3n de creaciones. Residentes y visitantes podr\u00e1n descubrir una amplia variedad de creaciones&hellip;<\/p>\n","protected":false},"author":17,"featured_media":187,"comment_status":"open","ping_status":"open","sticky":false,"template":"","format":"standard","meta":{"wpai_generated_summary":"","wpai_meta_description":"","footnotes":""},"categories":[136],"tags":[],"class_list":["post-186","post","type-post","status-publish","format-standard","has-post-thumbnail","hentry","category-ayuntamiento-de-santa-brigida"],"_links":{"self":[{"href":"https:\/\/nublo.tv\/index.php\/wp-json\/wp\/v2\/posts\/186","targetHints":{"allow":["GET"]}}],"collection":[{"href":"https:\/\/nublo.tv\/index.php\/wp-json\/wp\/v2\/posts"}],"about":[{"href":"https:\/\/nublo.tv\/index.php\/wp-json\/wp\/v2\/types\/post"}],"author":[{"embeddable":true,"href":"https:\/\/nublo.tv\/index.php\/wp-json\/wp\/v2\/users\/17"}],"replies":[{"embeddable":true,"href":"https:\/\/nublo.tv\/index.php\/wp-json\/wp\/v2\/comments?post=186"}],"version-history":[{"count":1,"href":"https:\/\/nublo.tv\/index.php\/wp-json\/wp\/v2\/posts\/186\/revisions"}],"predecessor-version":[{"id":551,"href":"https:\/\/nublo.tv\/index.php\/wp-json\/wp\/v2\/posts\/186\/revisions\/551"}],"wp:featuredmedia":[{"embeddable":true,"href":"https:\/\/nublo.tv\/index.php\/wp-json\/wp\/v2\/media\/187"}],"wp:attachment":[{"href":"https:\/\/nublo.tv\/index.php\/wp-json\/wp\/v2\/media?parent=186"}],"wp:term":[{"taxonomy":"category","embeddable":true,"href":"https:\/\/nublo.tv\/index.php\/wp-json\/wp\/v2\/categories?post=186"},{"taxonomy":"post_tag","embeddable":true,"href":"https:\/\/nublo.tv\/index.php\/wp-json\/wp\/v2\/tags?post=186"}],"curies":[{"name":"wp","href":"https:\/\/api.w.org\/{rel}","templated":true}]}}