{"id":1860,"date":"2026-08-06T13:37:39","date_gmt":"2026-08-06T12:37:39","guid":{"rendered":"https:\/\/nublo.tv\/?p=1860"},"modified":"2026-08-06T13:37:39","modified_gmt":"2026-08-06T12:37:39","slug":"el-pleno-de-valsequillo-aprueba-definitivamente-el-cambio-de-modelo-de-gestion-de-la-piscina-leer-mas","status":"publish","type":"post","link":"https:\/\/nublo.tv\/index.php\/2026\/08\/06\/el-pleno-de-valsequillo-aprueba-definitivamente-el-cambio-de-modelo-de-gestion-de-la-piscina-leer-mas\/","title":{"rendered":"El Pleno de Valsequillo aprueba definitivamente el cambio de modelo de gesti\u00f3n de \u2018La Piscina\u2019, Leer m\u00e1s"},"content":{"rendered":"<p class=\"wp-block-paragraph\"><strong>El grupo de gobierno saca adelante el expediente con el voto en contra de la oposici\u00f3n, ASBA-Primero Canarias y Coalici\u00f3n Canaria.<\/strong><\/p>\n<p class=\"wp-block-paragraph\">El Pleno del Ayuntamiento de Valsequillo aprob\u00f3 hoy la desestimaci\u00f3n de las alegaciones y la consiguiente aprobaci\u00f3n definitiva del cambio de modelo de gesti\u00f3n del Complejo Municipal \u00abLa Piscina\u00bb. La medida, estrat\u00e9gica para mejorar los servicios y el funcionamiento de la instalaci\u00f3n, ha salido adelante a pesar del voto en contra de los partidos de la oposici\u00f3n (ASBA-Primero Canarias y Coalici\u00f3n Canaria).<\/p>\n<p class=\"wp-block-paragraph\">La sesi\u00f3n plenaria ha estado marcada por un tenso debate sobre la coherencia pol\u00edtica y la seguridad jur\u00eddica. El alcalde actual, Juan Carlos Hern\u00e1ndez Atta, ha criticado con dureza la postura adoptada por el l\u00edder de la oposici\u00f3n, Francisco Atta, quien el pasado 13 de mayo present\u00f3 una alegaci\u00f3n que cuestionaba la viabilidad de la memoria econ\u00f3mica del proyecto. El regidor municipal record\u00f3 que el informe econ\u00f3mico fue presentado por el propio Francisco Atta durante su anterior etapa como alcalde y compartido con los partidos de la oposici\u00f3n, que lo apoyaron en aquel momento.<\/p>\n<p class=\"wp-block-paragraph\"><em>\u00abFrancisco Atta no est\u00e1 haciendo oposici\u00f3n al gobierno. Se la est\u00e1 haciendo al pueblo de Valsequillo. Si el informe econ\u00f3mico era bueno cuando nos lo present\u00f3 como alcalde, por qu\u00e9 ahora es malo, cuando est\u00e1 en la oposici\u00f3n\u201d <\/em>se pregunta el alcalde de Valsequillo. <em>\u201cPara este se\u00f1or lo bueno para Valsequillo s\u00f3lo lo es, si lo hace \u00e9l. Como lo estamos impulsando nosotros, est\u00e1 haciendo todo lo posible para que no salga. Es una actitud indigna de un servidor p\u00fablico, porque antepone el tacticismo electoral al inter\u00e9s general\u201d <\/em>critica con contundencia Juan Carlos Hern\u00e1ndez Atta.<\/p>\n<h3 class=\"wp-block-heading\"><a><\/a><strong>Seguridad jur\u00eddica<\/strong><\/h3>\n<p class=\"wp-block-paragraph\">Durante la defensa de la propuesta, V\u00edctor Navarro, concejal de Econom\u00eda y Hacienda, subray\u00f3 que el documento t\u00e9cnico sometido a votaci\u00f3n asume, palabra por palabra, todos los informes t\u00e9cnicos y econ\u00f3micos elaborados por el anterior mandato. \u201cLa \u00fanica raz\u00f3n por la que el asunto ha vuelto a debate plenario ha sido para subsanar un error de forma detectado en la tramitaci\u00f3n de la etapa anterior, blindando as\u00ed el procedimiento con total seguridad jur\u00eddica\u201d explic\u00f3 Navarro.<\/p>\n<p class=\"wp-block-paragraph\"><strong>El informe t\u00e9cnico tumba la alegaci\u00f3n<\/strong><\/p>\n<p class=\"wp-block-paragraph\">Los informes t\u00e9cnicos responden a los tres puntos esgrimidos en la alegaci\u00f3n de la oposici\u00f3n:<\/p>\n<ol start=\"1\" class=\"wp-block-list\">\n<li><strong>Previsiones de ingresos reales.<\/strong> La oposici\u00f3n calific\u00f3 de \u00abirreales\u00bb las estimaciones de demanda, obviando que las cifras se basan en una serie hist\u00f3rica consolidada de m\u00e1s de 1.100 abonados y en un estudio independiente de la consultora <em>Eguesan SL<\/em>, el cual fue encargado y pagado por el alcalde anterior, Francisco Atta.<\/li>\n<li><strong>Actualizaci\u00f3n tarifaria social frente a la inflaci\u00f3n.<\/strong> El texto de la alegaci\u00f3n alertaba sobre posibles subidas abusivas en el precio del abono. Sin embargo, el informe revela que los precios del complejo llevan congelados 16 a\u00f1os (desde 2010). Y que la actualizaci\u00f3n planteada es solo del 5% en t\u00e9rminos reales. Una cuant\u00eda peque\u00f1a si se compara con el 41% de inflaci\u00f3n acumulada en el mismo per\u00edodo. A cambio, el informe recoge que el nuevo modelo de gesti\u00f3n garantizar\u00e1 a los vecinos mayores franjas horarias, m\u00e1s servicios y unas instalaciones remodeladas sin perder su car\u00e1cter competitivo y social.<\/li>\n<li><strong>Eficiencia y ahorro para el Ayuntamiento.<\/strong> Frente a la petici\u00f3n de nuevos estudios econ\u00f3micos por parte del alegante, el informe t\u00e9cnico explca que la concesi\u00f3n administrativa ahorrar\u00e1 al Ayuntamiento m\u00e1s de 156.000 euros en un periodo de 5 a\u00f1os, pasando de un d\u00e9ficit previsto de 1,3 millones bajo gesti\u00f3n directa, a un coste controlado de 1,15 millones en r\u00e9gimen de concesi\u00f3n, trasladando el riesgo operacional a la empresa privada.<\/li>\n<\/ol>\n<h3 class=\"wp-block-heading\"><a><\/a><strong>Gesti\u00f3n responsable frente a demagogia electoral<\/strong><\/h3>\n<p class=\"wp-block-paragraph\">Para V\u00edctor Navarro, el l\u00edder de la oposici\u00f3n se aferra al miedo como \u00fanico argumento \u201cPrefiere abonarse a la demagogia de la subida cuotas y buscar el desgaste de este equipo de gobierno, antes que mirar por el inter\u00e9s de este municipio. Pero frente a la crispaci\u00f3n y el c\u00e1lculo electoral de la oposici\u00f3n, este gobierno continuar\u00e1 ofreciendo coherencia, rigor t\u00e9cnico y gesti\u00f3n responsable\u201d concluy\u00f3.<\/p>\n<p class=\"wp-block-paragraph\">Antes de la votaci\u00f3n de este punto, el alcalde dej\u00f3 claro que el expediente seguir\u00e1 adelante, a pesar del intento de paralizarlo por parte de la oposici\u00f3n. \u201cHoy damos un paso importante, aunque todav\u00eda nos queda camino para ver La Piscina a pleno rendimiento, con todos los servicios disponibles y el personal necesario. Seguiremos trabajando con intensidad para que sea una realidad lo antes posible\u201d.<\/p>\n<p class=\"wp-block-paragraph\">\n","protected":false},"excerpt":{"rendered":"<p>El grupo de gobierno saca adelante el expediente con el voto en contra de la oposici\u00f3n, ASBA-Primero Canarias y Coalici\u00f3n Canaria. El Pleno del Ayuntamiento de Valsequillo aprob\u00f3 hoy la&hellip;<\/p>\n","protected":false},"author":1,"featured_media":1861,"comment_status":"open","ping_status":"open","sticky":false,"template":"","format":"standard","meta":{"wpai_generated_summary":"","wpai_meta_description":"","footnotes":""},"categories":[142],"tags":[],"class_list":["post-1860","post","type-post","status-publish","format-standard","has-post-thumbnail","hentry","category-ayuntamiento-de-valsequillo"],"_links":{"self":[{"href":"https:\/\/nublo.tv\/index.php\/wp-json\/wp\/v2\/posts\/1860","targetHints":{"allow":["GET"]}}],"collection":[{"href":"https:\/\/nublo.tv\/index.php\/wp-json\/wp\/v2\/posts"}],"about":[{"href":"https:\/\/nublo.tv\/index.php\/wp-json\/wp\/v2\/types\/post"}],"author":[{"embeddable":true,"href":"https:\/\/nublo.tv\/index.php\/wp-json\/wp\/v2\/users\/1"}],"replies":[{"embeddable":true,"href":"https:\/\/nublo.tv\/index.php\/wp-json\/wp\/v2\/comments?post=1860"}],"version-history":[{"count":1,"href":"https:\/\/nublo.tv\/index.php\/wp-json\/wp\/v2\/posts\/1860\/revisions"}],"predecessor-version":[{"id":1871,"href":"https:\/\/nublo.tv\/index.php\/wp-json\/wp\/v2\/posts\/1860\/revisions\/1871"}],"wp:featuredmedia":[{"embeddable":true,"href":"https:\/\/nublo.tv\/index.php\/wp-json\/wp\/v2\/media\/1861"}],"wp:attachment":[{"href":"https:\/\/nublo.tv\/index.php\/wp-json\/wp\/v2\/media?parent=1860"}],"wp:term":[{"taxonomy":"category","embeddable":true,"href":"https:\/\/nublo.tv\/index.php\/wp-json\/wp\/v2\/categories?post=1860"},{"taxonomy":"post_tag","embeddable":true,"href":"https:\/\/nublo.tv\/index.php\/wp-json\/wp\/v2\/tags?post=1860"}],"curies":[{"name":"wp","href":"https:\/\/api.w.org\/{rel}","templated":true}]}}