{"id":1862,"date":"2026-08-06T13:37:34","date_gmt":"2026-08-06T12:37:34","guid":{"rendered":"https:\/\/nublo.tv\/?p=1862"},"modified":"2026-08-06T13:37:34","modified_gmt":"2026-08-06T12:37:34","slug":"iria-ranz-sanz-convocada-por-la-seleccion-espanola-promesas-para-disputar-el-european-open-2026-leer-mas","status":"publish","type":"post","link":"https:\/\/nublo.tv\/index.php\/2026\/08\/06\/iria-ranz-sanz-convocada-por-la-seleccion-espanola-promesas-para-disputar-el-european-open-2026-leer-mas\/","title":{"rendered":"Iria Ranz Sanz, convocada por la Selecci\u00f3n Espa\u00f1ola Promesas para disputar el European Open 2026, Leer m\u00e1s"},"content":{"rendered":"<p class=\"wp-block-paragraph\"><strong><em>La jugadora del Club Balonmano Valsequillo formar\u00e1 parte de la concentraci\u00f3n de la Selecci\u00f3n Espa\u00f1ola Promesas Femenina y participar\u00e1 en el European Open 2026, que se celebrar\u00e1 en Suecia del 28 de junio al 4 de julio.<\/em><\/strong><\/p>\n<p class=\"wp-block-paragraph\">La jugadora del Club Balonmano Valsequillo, Iria Ranz Sanz, ha sido convocada por la Real Federaci\u00f3n Espa\u00f1ola de Balonmano para integrarse en la Selecci\u00f3n Espa\u00f1ola Promesas Femenina que participar\u00e1 en la concentraci\u00f3n preparatoria y en el European Open 2026, una de las competiciones internacionales m\u00e1s importantes para las j\u00f3venes promesas del balonmano europeo.<\/p>\n<p class=\"wp-block-paragraph\">La concentraci\u00f3n dar\u00e1 comienzo el pr\u00f3ximo 25 de junio en Madrid, donde el combinado nacional realizar\u00e1 varias jornadas de trabajo antes de desplazarse a Suecia para disputar el torneo. Espa\u00f1a competir\u00e1 en el Grupo B junto a las selecciones de Pa\u00edses Bajos, Serbia, Islas Feroe y Georgia.<\/p>\n<p class=\"wp-block-paragraph\">Esta convocatoria supone un nuevo reconocimiento al talento, la constancia y el trabajo de la joven deportista valsequillera, que contin\u00faa consolid\u00e1ndose como una de las jugadoras con mayor proyecci\u00f3n del balonmano nacional.<\/p>\n<p class=\"wp-block-paragraph\">Iria Ranz Sanz mostr\u00f3 su satisfacci\u00f3n tras conocer la noticia de su convocatoria: \u201cEstoy muy feliz y orgullosa de poder volver a vestir la camiseta de la Selecci\u00f3n Espa\u00f1ola. Es una oportunidad que afronto con much\u00edsima ilusi\u00f3n y con ganas de seguir aprendiendo y creciendo como jugadora. Quiero agradecer a mi familia, a mis compa\u00f1eras, a mis entrenadores y al Club Balonmano Valsequillo todo el apoyo que me han dado para poder llegar hasta aqu\u00ed\u201d.<\/p>\n<p class=\"wp-block-paragraph\">Por su parte, el alcalde de Valsequillo de Gran Canaria, Juan Carlos Hern\u00e1ndez Atta, destac\u00f3 que \u201cla convocatoria de Iria es una magn\u00edfica noticia para todo el municipio. Representa los valores del esfuerzo, el compromiso y la dedicaci\u00f3n que caracterizan a nuestros deportistas. Desde Valsequillo nos sentimos muy orgullosos de verla representar a Espa\u00f1a y le deseamos el mayor de los \u00e9xitos en esta experiencia internacional\u201d.<\/p>\n<p class=\"wp-block-paragraph\">El concejal de Deportes, V\u00edctor Navarro Delgado, se\u00f1al\u00f3 que \u201cIria es un ejemplo para los j\u00f3venes deportistas de nuestro municipio. Su convocatoria demuestra que el trabajo diario, la constancia y la ilusi\u00f3n tienen recompensa. Estamos convencidos de que aprovechar\u00e1 esta oportunidad al m\u00e1ximo y seguir\u00e1 llevando el nombre de Valsequillo y del balonmano canario all\u00e1 donde compita\u201d.<\/p>\n<p class=\"wp-block-paragraph\">Desde el Ayuntamiento de Valsequillo de Gran Canaria se felicita a Iria Ranz Sanz por esta nueva convocatoria con la Selecci\u00f3n Espa\u00f1ola Promesas y se le desea mucha suerte tanto en la concentraci\u00f3n como en el European Open 2026, donde volver\u00e1 a representar con orgullo al municipio, al Club Balonmano Valsequillo y al deporte canario en el \u00e1mbito internacional.<\/p>\n","protected":false},"excerpt":{"rendered":"<p>La jugadora del Club Balonmano Valsequillo formar\u00e1 parte de la concentraci\u00f3n de la Selecci\u00f3n Espa\u00f1ola Promesas Femenina y participar\u00e1 en el European Open 2026, que se celebrar\u00e1 en Suecia del&hellip;<\/p>\n","protected":false},"author":1,"featured_media":1863,"comment_status":"open","ping_status":"open","sticky":false,"template":"","format":"standard","meta":{"wpai_generated_summary":"","wpai_meta_description":"","footnotes":""},"categories":[142],"tags":[],"class_list":["post-1862","post","type-post","status-publish","format-standard","has-post-thumbnail","hentry","category-ayuntamiento-de-valsequillo"],"_links":{"self":[{"href":"https:\/\/nublo.tv\/index.php\/wp-json\/wp\/v2\/posts\/1862","targetHints":{"allow":["GET"]}}],"collection":[{"href":"https:\/\/nublo.tv\/index.php\/wp-json\/wp\/v2\/posts"}],"about":[{"href":"https:\/\/nublo.tv\/index.php\/wp-json\/wp\/v2\/types\/post"}],"author":[{"embeddable":true,"href":"https:\/\/nublo.tv\/index.php\/wp-json\/wp\/v2\/users\/1"}],"replies":[{"embeddable":true,"href":"https:\/\/nublo.tv\/index.php\/wp-json\/wp\/v2\/comments?post=1862"}],"version-history":[{"count":1,"href":"https:\/\/nublo.tv\/index.php\/wp-json\/wp\/v2\/posts\/1862\/revisions"}],"predecessor-version":[{"id":1870,"href":"https:\/\/nublo.tv\/index.php\/wp-json\/wp\/v2\/posts\/1862\/revisions\/1870"}],"wp:featuredmedia":[{"embeddable":true,"href":"https:\/\/nublo.tv\/index.php\/wp-json\/wp\/v2\/media\/1863"}],"wp:attachment":[{"href":"https:\/\/nublo.tv\/index.php\/wp-json\/wp\/v2\/media?parent=1862"}],"wp:term":[{"taxonomy":"category","embeddable":true,"href":"https:\/\/nublo.tv\/index.php\/wp-json\/wp\/v2\/categories?post=1862"},{"taxonomy":"post_tag","embeddable":true,"href":"https:\/\/nublo.tv\/index.php\/wp-json\/wp\/v2\/tags?post=1862"}],"curies":[{"name":"wp","href":"https:\/\/api.w.org\/{rel}","templated":true}]}}