{"id":18620,"date":"2026-08-31T11:23:33","date_gmt":"2026-08-31T10:23:33","guid":{"rendered":"https:\/\/nublo.tv\/?p=18620"},"modified":"2026-08-31T11:23:33","modified_gmt":"2026-08-31T10:23:33","slug":"miguel-santana-se-proclama-campeon-de-europa-de-3-kilometros-en-aguas-abiertas","status":"publish","type":"post","link":"https:\/\/nublo.tv\/index.php\/2026\/08\/31\/miguel-santana-se-proclama-campeon-de-europa-de-3-kilometros-en-aguas-abiertas\/","title":{"rendered":"Miguel Santana se proclama campe\u00f3n de Europa de 3 kil\u00f3metros en aguas abiertas"},"content":{"rendered":"<p><strong>Telde, 28 de agosto de 2026.- Miguel Santana Sarmiento, nadador y entrenador del Club Nataci\u00f3n Faynagua\u2013Ciudad de Telde, se proclam\u00f3 este viernes campe\u00f3n de Europa m\u00e1ster de aguas abiertas en la prueba de 3 kil\u00f3metros, categor\u00eda +40, en el Campeonato de Europa de European Aquatics en \u0160amor\u00edn, Eslovaquia.<\/strong><\/p>\n<p>Santana detuvo el cron\u00f3metro en 36 minutos, 14 segundos y 24 cent\u00e9simas, superando por solo siete cent\u00e9simas al italiano Riccardo Tigli, segundo con 36:14.31. El tambi\u00e9n italiano Michele Rilla complet\u00f3 el podio con 36:26.34.<\/p>\n<p>El resultado consolida la trayectoria de Santana, ya referente de la nataci\u00f3n m\u00e1ster espa\u00f1ola y europea. En 2024 hab\u00eda logrado el bronce europeo en 1.500 metros de aguas abiertas en Belgrado, siendo el primer teldense en subir a un podio continental en esta modalidad.<\/p>\n<p>El Campeonato de Europa M\u00e1ster 2026 re\u00fane a miles de participantes en diferentes disciplinas. La competici\u00f3n de aguas abiertas se celebra entre el 26 y el 28 de agosto en el canal junto al complejo X-Bionic Sphere de \u0160amor\u00edn.<\/p>\n<p>El alcalde de Telde, Juan Antonio Pe\u00f1a, felicit\u00f3 al deportista y destac\u00f3 el triunfo como \u00abuna p\u00e1gina de oro para el deporte de Telde\u00bb. Cristhian Santana, concejal de Deportes, subray\u00f3 que \u00abser campe\u00f3n de Europa est\u00e1 al alcance de muy pocos deportistas\u00bb.<\/p>\n<p>Santana, campe\u00f3n de Canarias de larga distancia m\u00e1ster +40 en febrero y subcampe\u00f3n de Espa\u00f1a en mayo, recibi\u00f3 en 2024 la Medalla al M\u00e9rito Deportivo de Telde.<\/p>\n","protected":false},"excerpt":{"rendered":"<p>https:\/\/www.telde.es\/wp-content\/uploads\/2026\/08\/noticia705.jpgTelde, 28 de agosto de 2026.- El deporte de Telde vuelve a hacer historia. Miguel Santana Sarmiento, nadador y entrenador del Club Nataci\u00f3n Faynagua\u2013Ciudad de Telde, se proclam\u00f3 este viernes&hellip;<\/p>\n","protected":false},"author":1,"featured_media":18642,"comment_status":"open","ping_status":"open","sticky":false,"template":"","format":"standard","meta":{"wpai_generated_summary":"","wpai_meta_description":"","footnotes":""},"categories":[140],"tags":[],"class_list":["post-18620","post","type-post","status-publish","format-standard","has-post-thumbnail","hentry","category-ayuntamiento-de-telde"],"_links":{"self":[{"href":"https:\/\/nublo.tv\/index.php\/wp-json\/wp\/v2\/posts\/18620","targetHints":{"allow":["GET"]}}],"collection":[{"href":"https:\/\/nublo.tv\/index.php\/wp-json\/wp\/v2\/posts"}],"about":[{"href":"https:\/\/nublo.tv\/index.php\/wp-json\/wp\/v2\/types\/post"}],"author":[{"embeddable":true,"href":"https:\/\/nublo.tv\/index.php\/wp-json\/wp\/v2\/users\/1"}],"replies":[{"embeddable":true,"href":"https:\/\/nublo.tv\/index.php\/wp-json\/wp\/v2\/comments?post=18620"}],"version-history":[{"count":2,"href":"https:\/\/nublo.tv\/index.php\/wp-json\/wp\/v2\/posts\/18620\/revisions"}],"predecessor-version":[{"id":18643,"href":"https:\/\/nublo.tv\/index.php\/wp-json\/wp\/v2\/posts\/18620\/revisions\/18643"}],"wp:featuredmedia":[{"embeddable":true,"href":"https:\/\/nublo.tv\/index.php\/wp-json\/wp\/v2\/media\/18642"}],"wp:attachment":[{"href":"https:\/\/nublo.tv\/index.php\/wp-json\/wp\/v2\/media?parent=18620"}],"wp:term":[{"taxonomy":"category","embeddable":true,"href":"https:\/\/nublo.tv\/index.php\/wp-json\/wp\/v2\/categories?post=18620"},{"taxonomy":"post_tag","embeddable":true,"href":"https:\/\/nublo.tv\/index.php\/wp-json\/wp\/v2\/tags?post=18620"}],"curies":[{"name":"wp","href":"https:\/\/api.w.org\/{rel}","templated":true}]}}