{"id":18624,"date":"2026-08-31T11:26:25","date_gmt":"2026-08-31T10:26:25","guid":{"rendered":"https:\/\/nublo.tv\/?p=18624"},"modified":"2026-08-31T11:26:25","modified_gmt":"2026-08-31T10:26:25","slug":"el-ayuntamiento-de-guia-mejora-su-infraestructura-tecnologica-con-una-subvencion-de-36-316-euros-del-cabildo-de-gran-canaria","status":"publish","type":"post","link":"https:\/\/nublo.tv\/index.php\/2026\/08\/31\/el-ayuntamiento-de-guia-mejora-su-infraestructura-tecnologica-con-una-subvencion-de-36-316-euros-del-cabildo-de-gran-canaria\/","title":{"rendered":"El Ayuntamiento de Gu\u00eda mejora su infraestructura tecnol\u00f3gica con una subvenci\u00f3n de 36.316 euros del Cabildo de Gran Canaria"},"content":{"rendered":"<ul>\n<li><strong> La ayuda, que cubre el 100% de la inversi\u00f3n, ha permitido reforzar los servidores municipales, ampliar las redes inal\u00e1mbricas y actualizar el equipamiento inform\u00e1tico y las herramientas de gesti\u00f3n<\/strong><\/li>\n<\/ul>\n<p><strong>Gu\u00eda, 31 de agosto de 2026.-<\/strong> El Ayuntamiento de Gu\u00eda ha ejecutado diversas actuaciones destinadas a mejorar y modernizar su sistema inform\u00e1tico y la infraestructura de comunicaciones municipal gracias a una subvenci\u00f3n de 36.316,33 euros concedida en 2025 por el Cabildo de Gran Canaria que ha financiado el 100% del proyecto.<\/p>\n<p>Las actuaciones desarrolladas han permitido reforzar los recursos tecnol\u00f3gicos del Ayuntamiento y mejorar las condiciones necesarias para ofrecer unos servicios p\u00fablicos m\u00e1s \u00e1giles, eficientes y adaptados a las necesidades actuales y futuras de la administraci\u00f3n municipal.<\/p>\n<p>Entre las actuaciones realizadas destaca la adquisici\u00f3n de componentes y licencias para reforzar los servicios de los servidores centrales del Ayuntamiento y de dispositivos de telecomunicaciones para ampliar el rango de redes inal\u00e1mbricas en distintas dependencias.<\/p>\n<p>El proyecto tambi\u00e9n ha contemplado la renovaci\u00f3n y mejora del equipamiento inform\u00e1tico de la Oficina de Atenci\u00f3n Ciudadana y Registro, como parte del proceso de actualizaci\u00f3n de los sistemas tecnol\u00f3gicos municipales. A ello se suma la incorporaci\u00f3n de software espec\u00edfico para el control y seguimiento de incidencias en la red inform\u00e1tica, que permitir\u00e1 optimizar la gesti\u00f3n, supervisi\u00f3n y resoluci\u00f3n de posibles problemas t\u00e9cnicos.<\/p>\n<p>El conjunto de estas mejoras contribuir\u00e1 a reforzar los recursos tecnol\u00f3gicos actuales y futuros del sistema inform\u00e1tico municipal, as\u00ed como a favorecer una mayor y mejor conexi\u00f3n entre las distintas sedes del Ayuntamiento.<\/p>\n<p>Esta actuaci\u00f3n ha sido financiada mediante una subvenci\u00f3n concedida por la Consejer\u00eda de Presidencia y Movilidad Sostenible del Cabildo de Gran Canaria, a trav\u00e9s del Servicio de Coordinaci\u00f3n, Modernizaci\u00f3n e Innovaci\u00f3n Administrativa, en el marco de la convocatoria de ayudas destinadas a los ayuntamientos de la isla de Gran Canaria con poblaci\u00f3n inferior a 20.000 habitantes para sufragar proyectos de implantaci\u00f3n de la administraci\u00f3n electr\u00f3nica, desarrollo de servicios p\u00fablicos digitales y desarrollo de las Tecnolog\u00edas de la Informaci\u00f3n y la Comunicaci\u00f3n (TIC), correspondiente a la anualidad 2025.<\/p>\n","protected":false},"excerpt":{"rendered":"<p>La ayuda, que cubre el 100% de la inversi\u00f3n, ha permitido reforzar los servidores municipales, ampliar las redes inal\u00e1mbricas y actualizar el equipamiento inform\u00e1tico y las herramientas de gesti\u00f3n Gu\u00eda,&hellip;<\/p>\n","protected":false},"author":1,"featured_media":18656,"comment_status":"open","ping_status":"open","sticky":false,"template":"","format":"standard","meta":{"wpai_generated_summary":"","wpai_meta_description":"","footnotes":""},"categories":[138],"tags":[],"class_list":["post-18624","post","type-post","status-publish","format-standard","has-post-thumbnail","hentry","category-ayuntamiento-de-santa-maria-de-guia"],"_links":{"self":[{"href":"https:\/\/nublo.tv\/index.php\/wp-json\/wp\/v2\/posts\/18624","targetHints":{"allow":["GET"]}}],"collection":[{"href":"https:\/\/nublo.tv\/index.php\/wp-json\/wp\/v2\/posts"}],"about":[{"href":"https:\/\/nublo.tv\/index.php\/wp-json\/wp\/v2\/types\/post"}],"author":[{"embeddable":true,"href":"https:\/\/nublo.tv\/index.php\/wp-json\/wp\/v2\/users\/1"}],"replies":[{"embeddable":true,"href":"https:\/\/nublo.tv\/index.php\/wp-json\/wp\/v2\/comments?post=18624"}],"version-history":[{"count":1,"href":"https:\/\/nublo.tv\/index.php\/wp-json\/wp\/v2\/posts\/18624\/revisions"}],"predecessor-version":[{"id":18655,"href":"https:\/\/nublo.tv\/index.php\/wp-json\/wp\/v2\/posts\/18624\/revisions\/18655"}],"wp:featuredmedia":[{"embeddable":true,"href":"https:\/\/nublo.tv\/index.php\/wp-json\/wp\/v2\/media\/18656"}],"wp:attachment":[{"href":"https:\/\/nublo.tv\/index.php\/wp-json\/wp\/v2\/media?parent=18624"}],"wp:term":[{"taxonomy":"category","embeddable":true,"href":"https:\/\/nublo.tv\/index.php\/wp-json\/wp\/v2\/categories?post=18624"},{"taxonomy":"post_tag","embeddable":true,"href":"https:\/\/nublo.tv\/index.php\/wp-json\/wp\/v2\/tags?post=18624"}],"curies":[{"name":"wp","href":"https:\/\/api.w.org\/{rel}","templated":true}]}}