{"id":18626,"date":"2026-08-31T11:26:39","date_gmt":"2026-08-31T10:26:39","guid":{"rendered":"https:\/\/nublo.tv\/?p=18626"},"modified":"2026-08-31T11:26:39","modified_gmt":"2026-08-31T10:26:39","slug":"telde-avanza-en-la-puesta-en-marcha-del-mercado-municipal-con-nuevas-concesiones-y-tramites-tecnicos","status":"publish","type":"post","link":"https:\/\/nublo.tv\/index.php\/2026\/08\/31\/telde-avanza-en-la-puesta-en-marcha-del-mercado-municipal-con-nuevas-concesiones-y-tramites-tecnicos\/","title":{"rendered":"Telde avanza en la puesta en marcha del Mercado Municipal con nuevas concesiones y tr\u00e1mites t\u00e9cnicos"},"content":{"rendered":"<p><strong>Telde, 28 de agosto de 2026.- El Ayuntamiento de Telde ha iniciado una nueva fase para la apertura del Mercado Municipal, centrada en la ordenaci\u00f3n de concesiones, distribuci\u00f3n de operadores y culminaci\u00f3n de tr\u00e1mites t\u00e9cnicos como el suministro el\u00e9ctrico y las conformidades reglamentarias.<\/strong><\/p>\n<p>El alcalde, Juan Antonio Pe\u00f1a, supervis\u00f3 este viernes los avances junto a personal t\u00e9cnico municipal, analizando especialmente las gestiones con la compa\u00f1\u00eda suministradora y los tr\u00e1mites con Industria y los Organismos de Control Autorizados (OCA).<\/p>\n<p>Pe\u00f1a destac\u00f3 la importancia de coordinar los expedientes entre las distintas administraciones y empresas implicadas para garantizar la apertura con todas las garant\u00edas. \u00abEstamos en una fase en la que cada tr\u00e1mite cuenta\u00bb, se\u00f1al\u00f3.<\/p>\n<p>Unas 19 concesiones actuales en el \u00c1rea Polivalente de Narea ser\u00e1n trasladadas al nuevo mercado, tras revisar y declarar la vigencia de los t\u00edtulos existentes. El resto de espacios libres se incorporar\u00e1n a procedimientos de concurrencia p\u00fablica.<\/p>\n<p>El Ayuntamiento tambi\u00e9n ha trabajado en la distribuci\u00f3n comercial con criterios sanitarios, en colaboraci\u00f3n con el \u00c1rea de Salud de Gran Canaria, dirigida por Lidia Mej\u00edas. Adem\u00e1s, se han completado actuaciones como la construcci\u00f3n de cinco c\u00e1maras frigor\u00edficas en el s\u00f3tano, financiadas con una subvenci\u00f3n del Cabildo de Gran Canaria.<\/p>\n<p>El alcalde insisti\u00f3 en que la prioridad es abrir el mercado \u00abcon seriedad y garant\u00edas\u00bb, evitando anunciar fechas concretas hasta completar todos los requisitos.<\/p>\n","protected":false},"excerpt":{"rendered":"<p>https:\/\/www.telde.es\/wp-content\/uploads\/2026\/08\/noticia703.jpgTelde, 28 de agosto de 2026.- El Ayuntamiento de Telde avanza en una nueva fase de los trabajos para la puesta en marcha del Mercado Municipal de Abastos, centrada actualmente&hellip;<\/p>\n","protected":false},"author":1,"featured_media":18649,"comment_status":"open","ping_status":"open","sticky":false,"template":"","format":"standard","meta":{"wpai_generated_summary":"","wpai_meta_description":"","footnotes":""},"categories":[140],"tags":[],"class_list":["post-18626","post","type-post","status-publish","format-standard","has-post-thumbnail","hentry","category-ayuntamiento-de-telde"],"_links":{"self":[{"href":"https:\/\/nublo.tv\/index.php\/wp-json\/wp\/v2\/posts\/18626","targetHints":{"allow":["GET"]}}],"collection":[{"href":"https:\/\/nublo.tv\/index.php\/wp-json\/wp\/v2\/posts"}],"about":[{"href":"https:\/\/nublo.tv\/index.php\/wp-json\/wp\/v2\/types\/post"}],"author":[{"embeddable":true,"href":"https:\/\/nublo.tv\/index.php\/wp-json\/wp\/v2\/users\/1"}],"replies":[{"embeddable":true,"href":"https:\/\/nublo.tv\/index.php\/wp-json\/wp\/v2\/comments?post=18626"}],"version-history":[{"count":2,"href":"https:\/\/nublo.tv\/index.php\/wp-json\/wp\/v2\/posts\/18626\/revisions"}],"predecessor-version":[{"id":18659,"href":"https:\/\/nublo.tv\/index.php\/wp-json\/wp\/v2\/posts\/18626\/revisions\/18659"}],"wp:featuredmedia":[{"embeddable":true,"href":"https:\/\/nublo.tv\/index.php\/wp-json\/wp\/v2\/media\/18649"}],"wp:attachment":[{"href":"https:\/\/nublo.tv\/index.php\/wp-json\/wp\/v2\/media?parent=18626"}],"wp:term":[{"taxonomy":"category","embeddable":true,"href":"https:\/\/nublo.tv\/index.php\/wp-json\/wp\/v2\/categories?post=18626"},{"taxonomy":"post_tag","embeddable":true,"href":"https:\/\/nublo.tv\/index.php\/wp-json\/wp\/v2\/tags?post=18626"}],"curies":[{"name":"wp","href":"https:\/\/api.w.org\/{rel}","templated":true}]}}