{"id":18628,"date":"2026-08-31T11:26:34","date_gmt":"2026-08-31T10:26:34","guid":{"rendered":"https:\/\/nublo.tv\/?p=18628"},"modified":"2026-08-31T11:26:34","modified_gmt":"2026-08-31T10:26:34","slug":"telde-instalara-un-puesto-de-mando-avanzado-y-16-camaras-para-reforzar-la-seguridad-en-la-noche-de-los-fuegos-de-melenara","status":"publish","type":"post","link":"https:\/\/nublo.tv\/index.php\/2026\/08\/31\/telde-instalara-un-puesto-de-mando-avanzado-y-16-camaras-para-reforzar-la-seguridad-en-la-noche-de-los-fuegos-de-melenara\/","title":{"rendered":"Telde instalar\u00e1 un Puesto de Mando Avanzado y 16 c\u00e1maras para reforzar la seguridad en la Noche de los Fuegos de Melenara"},"content":{"rendered":"<p><strong>El Ayuntamiento de Telde reforzar\u00e1 la seguridad en la Noche de los Fuegos de Melenara, este s\u00e1bado 29 de agosto, con un Puesto de Mando Avanzado (PMA) y 16 c\u00e1maras de vigilancia.<\/strong><\/p>\n<p>El PMA, ubicado en las instalaciones de Hecansa, contar\u00e1 con pantallas de gran formato para monitorizar en tiempo real los principales puntos del evento, incluyendo la zona de playa, \u00e1reas de concentraci\u00f3n de p\u00fablico y el per\u00edmetro de seguridad del espect\u00e1culo pirot\u00e9cnico.<\/p>\n<p>Las 16 c\u00e1maras, distribuidas estrat\u00e9gicamente, permitir\u00e1n supervisar accesos, v\u00edas de evacuaci\u00f3n y zonas de transporte p\u00fablico, facilitando la coordinaci\u00f3n entre los cuerpos de seguridad y servicios implicados.<\/p>\n<p>El concejal de Seguridad, Miguel Rodr\u00edguez, destac\u00f3 que el sistema \u00abno sustituye la presencia de los efectivos, sino que les aporta una herramienta adicional para responder con mayor rapidez ante incidencias\u00bb.<\/p>\n<p>El Ayuntamiento ha instalado se\u00f1alizaci\u00f3n informativa en las zonas con videovigilancia, cumpliendo con la normativa de protecci\u00f3n de datos, y recuerda la importancia de seguir las indicaciones de los cuerpos de seguridad durante el evento.<\/p>\n","protected":false},"excerpt":{"rendered":"<p>https:\/\/www.telde.es\/wp-content\/uploads\/2026\/08\/noticia692.jpgTelde, 28 de agosto de 2026.- El Ayuntamiento de Telde reforzar\u00e1 el dispositivo de seguridad previsto para la tradicional Noche de los Fuegos de Melenara de este s\u00e1bado, 29 de&hellip;<\/p>\n","protected":false},"author":1,"featured_media":18651,"comment_status":"open","ping_status":"open","sticky":false,"template":"","format":"standard","meta":{"wpai_generated_summary":"","wpai_meta_description":"","footnotes":""},"categories":[140],"tags":[],"class_list":["post-18628","post","type-post","status-publish","format-standard","has-post-thumbnail","hentry","category-ayuntamiento-de-telde"],"_links":{"self":[{"href":"https:\/\/nublo.tv\/index.php\/wp-json\/wp\/v2\/posts\/18628","targetHints":{"allow":["GET"]}}],"collection":[{"href":"https:\/\/nublo.tv\/index.php\/wp-json\/wp\/v2\/posts"}],"about":[{"href":"https:\/\/nublo.tv\/index.php\/wp-json\/wp\/v2\/types\/post"}],"author":[{"embeddable":true,"href":"https:\/\/nublo.tv\/index.php\/wp-json\/wp\/v2\/users\/1"}],"replies":[{"embeddable":true,"href":"https:\/\/nublo.tv\/index.php\/wp-json\/wp\/v2\/comments?post=18628"}],"version-history":[{"count":2,"href":"https:\/\/nublo.tv\/index.php\/wp-json\/wp\/v2\/posts\/18628\/revisions"}],"predecessor-version":[{"id":18658,"href":"https:\/\/nublo.tv\/index.php\/wp-json\/wp\/v2\/posts\/18628\/revisions\/18658"}],"wp:featuredmedia":[{"embeddable":true,"href":"https:\/\/nublo.tv\/index.php\/wp-json\/wp\/v2\/media\/18651"}],"wp:attachment":[{"href":"https:\/\/nublo.tv\/index.php\/wp-json\/wp\/v2\/media?parent=18628"}],"wp:term":[{"taxonomy":"category","embeddable":true,"href":"https:\/\/nublo.tv\/index.php\/wp-json\/wp\/v2\/categories?post=18628"},{"taxonomy":"post_tag","embeddable":true,"href":"https:\/\/nublo.tv\/index.php\/wp-json\/wp\/v2\/tags?post=18628"}],"curies":[{"name":"wp","href":"https:\/\/api.w.org\/{rel}","templated":true}]}}