{"id":18632,"date":"2026-08-31T11:26:44","date_gmt":"2026-08-31T10:26:44","guid":{"rendered":"https:\/\/nublo.tv\/?p=18632"},"modified":"2026-08-31T11:26:44","modified_gmt":"2026-08-31T10:26:44","slug":"el-equipo-los-panteras-gana-el-25o-torneo-de-envite-del-pino","status":"publish","type":"post","link":"https:\/\/nublo.tv\/index.php\/2026\/08\/31\/el-equipo-los-panteras-gana-el-25o-torneo-de-envite-del-pino\/","title":{"rendered":"El equipo \u2018Los Panteras\u2019 gana el 25\u00ba Torneo de Envite del Pino"},"content":{"rendered":"<p><strong>El equipo \u2018Los Panteras\u2019 se proclam\u00f3 campe\u00f3n del 25\u00ba Torneo de Envite Fiestas del Pino 2026, celebrado el 27 de agosto en la Calle Real de la Plaza de Teror.<\/strong><\/p>\n<p>El torneo, organizado por \u2018Amigos del Envite Teror y Valleseco El Pino Los \u00c1lamos\u2019 con la colaboraci\u00f3n del Ayuntamiento de Teror, cont\u00f3 con la participaci\u00f3n de 32 equipos de varios municipios de Gran Canaria. El subcampe\u00f3n fue \u2018Rizkam\u00e9ndez\u2019, seguido de \u2018Casa Herre\u00f1a\u2019 y \u2018Los mezclados\u2019.<\/p>\n<p>La final se disput\u00f3 en el Bar Diego, donde se entregaron los premios con la presencia del alcalde, Jos\u00e9 Agust\u00edn Arencibia, y el primer teniente de alcalde, Sergio Nuez, junto a varias ediles. El torneo comenz\u00f3 el 24 de julio y reuni\u00f3 a m\u00e1s de 150 participantes.<\/p>\n<p><a href=\"https:\/\/teror.es\/wp-content\/uploads\/2026\/08\/27A_envite9.jpeg\"><img loading=\"lazy\" decoding=\"async\" class=\"alignright size-vp_sm wp-image-99416\" src=\"https:\/\/teror.es\/wp-content\/uploads\/2026\/08\/27A_envite9-500x698.jpeg\" alt=\"\" width=\"500\" height=\"698\" \/><\/a><br \/>\nEn la \u00faltima jornada se enfrentaron cuatro equipos en partidas decisivas: \u2018Los Panteras\u2019 contra \u2018Rizkam\u00e9ndez\u2019 por el primer y segundo puesto, \u2018Los Mezclados\u2019 contra \u2018Casa Herre\u00f1a\u2019 por el tercero y cuarto, \u2018Los que Quedan\u2019 contra \u2018Los Canariones\u2019 por el quinto y sexto, y \u2018La Angostura\u2019 contra \u2018Las Cabras del Negro\u2019 por el s\u00e9ptimo y octavo.<\/p>\n<p><a href=\"https:\/\/teror.es\/wp-content\/uploads\/2026\/08\/27A_envite3.jpeg\"><img loading=\"lazy\" decoding=\"async\" class=\"alignright size-vp_sm wp-image-99444\" src=\"https:\/\/teror.es\/wp-content\/uploads\/2026\/08\/27A_envite3-500x298.jpeg\" alt=\"\" width=\"500\" height=\"298\" \/><\/a> <a href=\"https:\/\/teror.es\/wp-content\/uploads\/2026\/08\/27A_envite4.jpeg\"><img loading=\"lazy\" decoding=\"async\" class=\"alignright size-vp_sm wp-image-99445\" src=\"https:\/\/teror.es\/wp-content\/uploads\/2026\/08\/27A_envite4-500x361.jpeg\" alt=\"\" width=\"500\" height=\"361\" \/><\/a> <a href=\"https:\/\/teror.es\/wp-content\/uploads\/2026\/08\/27A_envite5.jpeg\"><img loading=\"lazy\" decoding=\"async\" class=\"alignright size-vp_sm wp-image-99446\" src=\"https:\/\/teror.es\/wp-content\/uploads\/2026\/08\/27A_envite5-500x384.jpeg\" alt=\"\" width=\"500\" height=\"384\" \/><\/a> <a href=\"https:\/\/teror.es\/wp-content\/uploads\/2026\/08\/27A_envite6.jpeg\"><img loading=\"lazy\" decoding=\"async\" class=\"alignright size-vp_sm wp-image-99448\" src=\"https:\/\/teror.es\/wp-content\/uploads\/2026\/08\/27A_envite6-500x393.jpeg\" alt=\"\" width=\"500\" height=\"393\" \/><\/a><\/p>\n","protected":false},"excerpt":{"rendered":"<p>La final del veterano torneo y entrega de premios tuvo lugar el pasado 27 de agosto en la Calle Real de la Plaza. El 25\u00ba Torneo de Envite Fiestas del&hellip;<\/p>\n","protected":false},"author":1,"featured_media":18661,"comment_status":"open","ping_status":"open","sticky":false,"template":"","format":"standard","meta":{"wpai_generated_summary":"","wpai_meta_description":"","footnotes":""},"categories":[141],"tags":[],"class_list":["post-18632","post","type-post","status-publish","format-standard","has-post-thumbnail","hentry","category-ayuntamiento-de-teror"],"_links":{"self":[{"href":"https:\/\/nublo.tv\/index.php\/wp-json\/wp\/v2\/posts\/18632","targetHints":{"allow":["GET"]}}],"collection":[{"href":"https:\/\/nublo.tv\/index.php\/wp-json\/wp\/v2\/posts"}],"about":[{"href":"https:\/\/nublo.tv\/index.php\/wp-json\/wp\/v2\/types\/post"}],"author":[{"embeddable":true,"href":"https:\/\/nublo.tv\/index.php\/wp-json\/wp\/v2\/users\/1"}],"replies":[{"embeddable":true,"href":"https:\/\/nublo.tv\/index.php\/wp-json\/wp\/v2\/comments?post=18632"}],"version-history":[{"count":2,"href":"https:\/\/nublo.tv\/index.php\/wp-json\/wp\/v2\/posts\/18632\/revisions"}],"predecessor-version":[{"id":18660,"href":"https:\/\/nublo.tv\/index.php\/wp-json\/wp\/v2\/posts\/18632\/revisions\/18660"}],"wp:featuredmedia":[{"embeddable":true,"href":"https:\/\/nublo.tv\/index.php\/wp-json\/wp\/v2\/media\/18661"}],"wp:attachment":[{"href":"https:\/\/nublo.tv\/index.php\/wp-json\/wp\/v2\/media?parent=18632"}],"wp:term":[{"taxonomy":"category","embeddable":true,"href":"https:\/\/nublo.tv\/index.php\/wp-json\/wp\/v2\/categories?post=18632"},{"taxonomy":"post_tag","embeddable":true,"href":"https:\/\/nublo.tv\/index.php\/wp-json\/wp\/v2\/tags?post=18632"}],"curies":[{"name":"wp","href":"https:\/\/api.w.org\/{rel}","templated":true}]}}