{"id":18634,"date":"2026-08-31T11:26:19","date_gmt":"2026-08-31T10:26:19","guid":{"rendered":"https:\/\/nublo.tv\/?p=18634"},"modified":"2026-08-31T11:26:19","modified_gmt":"2026-08-31T10:26:19","slug":"el-presidente-del-cabildo-de-gran-canaria-analiza-la-presion-geopolitica-de-eeuu-israel-y-marruecos-sobre-europa","status":"publish","type":"post","link":"https:\/\/nublo.tv\/index.php\/2026\/08\/31\/el-presidente-del-cabildo-de-gran-canaria-analiza-la-presion-geopolitica-de-eeuu-israel-y-marruecos-sobre-europa\/","title":{"rendered":"El presidente del Cabildo de Gran Canaria analiza la presi\u00f3n geopol\u00edtica de EEUU, Israel y Marruecos sobre Europa"},"content":{"rendered":"<p><strong>El presidente del Cabildo de Gran Canaria, Antonio Morales M\u00e9ndez, advierte en un art\u00edculo de opini\u00f3n sobre una estrategia conjunta de EEUU, Israel y Marruecos para debilitar a Europa, con especial impacto en Canarias.<\/strong><\/p>\n<p>Morales se\u00f1ala que esta alianza ejerce presi\u00f3n econ\u00f3mica, militar y pol\u00edtica sobre el continente, fragmentando su unidad y aumentando su dependencia. Destaca medidas como los aranceles impuestos por EEUU, la presi\u00f3n sobre Groenlandia y el apoyo a partidos de extrema derecha en Europa.<\/p>\n<p>El texto subraya el papel de Marruecos como socio estrat\u00e9gico de Washington e Israel, utilizando la gesti\u00f3n migratoria como herramienta de presi\u00f3n contra Espa\u00f1a y la UE. Morales alerta sobre la situaci\u00f3n en Ceuta, con miles de personas en las calles, y la falta de respuesta efectiva del Gobierno espa\u00f1ol.<\/p>\n<p>El presidente del Cabildo insiste en la necesidad de una Europa aut\u00f3noma en pol\u00edtica exterior y seguridad, especialmente en su flanco sur, donde Canarias juega un papel clave. Critica la dependencia tecnol\u00f3gica y energ\u00e9tica de Europa frente a EEUU y la falta de cohesi\u00f3n interna.<\/p>\n<p>El art\u00edculo forma parte de una trilog\u00eda de an\u00e1lisis sobre la geopol\u00edtica en el Mediterr\u00e1neo occidental, con Canarias como punto estrat\u00e9gico. Morales concluye que Europa debe blindar su unidad frente a las presiones externas y defender sus valores democr\u00e1ticos.<\/p>\n","protected":false},"excerpt":{"rendered":"<p>EEUU, ISRAEL Y MARRUECOS, LA PINZA QUE APRIETA A EUROPA &nbsp; En las dos \u00faltimas semanas he publicado en este mismo medio dos art\u00edculos, a ra\u00edz de la \u201cguerra h\u00edbrida\u201d&hellip;<\/p>\n","protected":false},"author":1,"featured_media":5177,"comment_status":"open","ping_status":"open","sticky":false,"template":"","format":"standard","meta":{"wpai_generated_summary":"","wpai_meta_description":"","footnotes":""},"categories":[148],"tags":[],"class_list":["post-18634","post","type-post","status-publish","format-standard","has-post-thumbnail","hentry","category-cabildo-de-gran-canaria"],"_links":{"self":[{"href":"https:\/\/nublo.tv\/index.php\/wp-json\/wp\/v2\/posts\/18634","targetHints":{"allow":["GET"]}}],"collection":[{"href":"https:\/\/nublo.tv\/index.php\/wp-json\/wp\/v2\/posts"}],"about":[{"href":"https:\/\/nublo.tv\/index.php\/wp-json\/wp\/v2\/types\/post"}],"author":[{"embeddable":true,"href":"https:\/\/nublo.tv\/index.php\/wp-json\/wp\/v2\/users\/1"}],"replies":[{"embeddable":true,"href":"https:\/\/nublo.tv\/index.php\/wp-json\/wp\/v2\/comments?post=18634"}],"version-history":[{"count":2,"href":"https:\/\/nublo.tv\/index.php\/wp-json\/wp\/v2\/posts\/18634\/revisions"}],"predecessor-version":[{"id":18654,"href":"https:\/\/nublo.tv\/index.php\/wp-json\/wp\/v2\/posts\/18634\/revisions\/18654"}],"wp:featuredmedia":[{"embeddable":true,"href":"https:\/\/nublo.tv\/index.php\/wp-json\/wp\/v2\/media\/5177"}],"wp:attachment":[{"href":"https:\/\/nublo.tv\/index.php\/wp-json\/wp\/v2\/media?parent=18634"}],"wp:term":[{"taxonomy":"category","embeddable":true,"href":"https:\/\/nublo.tv\/index.php\/wp-json\/wp\/v2\/categories?post=18634"},{"taxonomy":"post_tag","embeddable":true,"href":"https:\/\/nublo.tv\/index.php\/wp-json\/wp\/v2\/tags?post=18634"}],"curies":[{"name":"wp","href":"https:\/\/api.w.org\/{rel}","templated":true}]}}