{"id":1864,"date":"2026-08-06T13:37:27","date_gmt":"2026-08-06T12:37:27","guid":{"rendered":"https:\/\/nublo.tv\/?p=1864"},"modified":"2026-08-06T13:37:27","modified_gmt":"2026-08-06T12:37:27","slug":"comienzan-las-obras-de-las-cubiertas-de-las-canchas-anexas-al-pabellon-deportivo-municipal-de-valleseco","status":"publish","type":"post","link":"https:\/\/nublo.tv\/index.php\/2026\/08\/06\/comienzan-las-obras-de-las-cubiertas-de-las-canchas-anexas-al-pabellon-deportivo-municipal-de-valleseco\/","title":{"rendered":"Comienzan las obras de las cubiertas de las canchas anexas al pabell\u00f3n deportivo municipal de Valleseco"},"content":{"rendered":"<p class=\"western\" lang=\"es-ES-u-co-trad\" align=\"justify\"><strong>La actuaci\u00f3n, financiada por el Gobierno de Canarias, permitir\u00e1 mejorar las instalaciones deportivas y educativas del municipio, incorporando adem\u00e1s sistemas de generaci\u00f3n fotovoltaica y mejoras en la accesibilidad.<\/strong><\/p>\n<p class=\"western\" lang=\"es-ES-u-co-trad\" align=\"justify\">El Ayuntamiento de Valleseco ha iniciado las obras de ejecuci\u00f3n de las cubiertas de las canchas anexas al pabell\u00f3n deportivo municipal, una actuaci\u00f3n estrat\u00e9gica para el municipio que permitir\u00e1 dotar de un espacio cubierto a unas instalaciones utilizadas diariamente por el alumnado del CEO Valleseco, la comunidad educativa y de las personas usuarias de las actividades deportivas municipales.<\/p>\n<p class=\"western\" lang=\"es-ES-u-co-trad\" align=\"justify\"><span lang=\"es-ES\">Los trabajos est\u00e1n siendo ejecutados por la empresa\u00a0<\/span><span lang=\"es-ES\">CONSTRUPLAN<\/span><span lang=\"es-ES\">, adjudicataria del contrato, y cuentan con financiaci\u00f3n de la Consejer\u00eda de Educaci\u00f3n, Formaci\u00f3n Profesional, Actividad F\u00edsica y Deportes del Gobierno de Canarias. La actuaci\u00f3n dispone de un presupuesto de\u00a0<\/span><span lang=\"es-ES\">688.450,63 euros (IGIC incluido)<\/span><span lang=\"es-ES\">\u00a0y un plazo de ejecuci\u00f3n de cinco meses, por lo que est\u00e1 previsto que las obras finalicen a comienzos del mes de diciembre.<\/span><\/p>\n<p class=\"western\" lang=\"es-ES-u-co-trad\" align=\"justify\">El proyecto contempla la construcci\u00f3n de una cubierta sobre las canchas deportivas, incorporando adem\u00e1s un sistema de generaci\u00f3n de energ\u00eda fotovoltaica que contribuir\u00e1 a mejorar la eficiencia energ\u00e9tica de las instalaciones. Asimismo, se ejecutar\u00e1n actuaciones destinadas a mejorar la accesibilidad mediante nuevas rampas adaptadas, la renovaci\u00f3n de cerramientos y el acondicionamiento integral de las pistas deportivas.<\/p>\n<p class=\"western\" lang=\"es-ES-u-co-trad\" align=\"justify\">El alcalde de Valleseco, Jos\u00e9 Luis Rodr\u00edguez Quintana, ha destacado que el inicio de esta obra supone \u00abel cumplimiento de un compromiso largamente esperado por el municipio\u00bb, fruto del trabajo desarrollado conjuntamente entre el Ayuntamiento y el Gobierno de Canarias para hacer realidad una infraestructura muy demandada.<\/p>\n<p class=\"western\" lang=\"es-ES-u-co-trad\" align=\"justify\">\u00abEsta actuaci\u00f3n permitir\u00e1 garantizar el uso de estas instalaciones durante todo el a\u00f1o, especialmente en los meses de mayor pluviometr\u00eda, ofreciendo a nuestro alumnado y a toda la comunidad educativa un espacio adecuado para la pr\u00e1ctica deportiva y el desarrollo de actividades al aire libre con independencia de las condiciones meteorol\u00f3gicas\u00bb, se\u00f1al\u00f3.<\/p>\n<p class=\"western\" lang=\"es-ES-u-co-trad\" align=\"justify\">Adem\u00e1s de mejorar la funcionalidad de este espacio, la incorporaci\u00f3n de paneles fotovoltaicos permitir\u00e1 avanzar en la apuesta municipal por la sostenibilidad y la eficiencia energ\u00e9tica, favoreciendo el autoconsumo y reduciendo el consumo energ\u00e9tico de las instalaciones p\u00fablicas.<\/p>\n<p class=\"western\" lang=\"es-ES-u-co-trad\" align=\"justify\">Con el inicio de estas obras, el Ayuntamiento de Valleseco contin\u00faa avanzando en la modernizaci\u00f3n de sus infraestructuras educativas y deportivas, reforzando su compromiso con la mejora de los servicios p\u00fablicos, la promoci\u00f3n de la actividad f\u00edsica y la creaci\u00f3n de espacios m\u00e1s accesibles, sostenibles y adaptados a las necesidades del municipio.<\/p>\n<p lang=\"es-ES-u-co-trad\" style=\"text-align: center\" align=\"justify\">\n<div id=\"envira-gallery-wrap-54237\" class=\"envira-gallery-wrap envira-lazy-loading-enabled envira-layout-automatic\">\n<div class=\"envira-loader\">\n<div><\/div>\n<div><\/div>\n<div><\/div>\n<div><\/div>\n<\/div>\n<div id=\"envira-gallery-54237\" class=\"envira-gallery-public envira-gallery-0-columns envira-clear envira-gallery-justified-public\" data-envira-id=\"54237\" data-gallery-config=\"{&quot;type&quot;:&quot;default&quot;,&quot;layout&quot;:&quot;automatic&quot;,&quot;columns&quot;:&quot;0&quot;,&quot;gallery_theme&quot;:&quot;base&quot;,&quot;justified_margins&quot;:1,&quot;justified_last_row&quot;:&quot;nojustify&quot;,&quot;lazy_loading&quot;:1,&quot;lazy_loading_delay&quot;:500,&quot;gutter&quot;:10,&quot;gutter_mobile&quot;:0,&quot;margin&quot;:10,&quot;image_size&quot;:&quot;default&quot;,&quot;square_size&quot;:300,&quot;crop_width&quot;:640,&quot;crop_height&quot;:480,&quot;crop&quot;:0,&quot;crop_position&quot;:&quot;c&quot;,&quot;show_more_text&quot;:&quot;Click for more&quot;,&quot;additional_copy_0&quot;:0,&quot;additional_copy_title&quot;:0,&quot;additional_copy_caption&quot;:0,&quot;additional_copy_title_caption&quot;:0,&quot;additional_copy_0_mobile&quot;:0,&quot;additional_copy_title_mobile&quot;:0,&quot;additional_copy_caption_mobile&quot;:0,&quot;additional_copy_title_caption_mobile&quot;:0,&quot;gallery_column_title_caption&quot;:&quot;0&quot;,&quot;gallery_column_title_caption_mobile&quot;:&quot;0&quot;,&quot;additional_copy_automatic_0&quot;:0,&quot;additional_copy_automatic_title&quot;:0,&quot;additional_copy_automatic_caption&quot;:0,&quot;additional_copy_automatic_title_caption&quot;:0,&quot;additional_copy_automatic_0_mobile&quot;:0,&quot;additional_copy_automatic_title_mobile&quot;:0,&quot;additional_copy_automatic_caption_mobile&quot;:0,&quot;additional_copy_automatic_title_caption_mobile&quot;:0,&quot;gallery_automatic_title_caption&quot;:&quot;0&quot;,&quot;gallery_automatic_title_caption_mobile&quot;:&quot;0&quot;,&quot;justified_row_height&quot;:150,&quot;description_position&quot;:&quot;0&quot;,&quot;description&quot;:&quot;&quot;,&quot;random&quot;:&quot;0&quot;,&quot;sort_order&quot;:&quot;0&quot;,&quot;sorting_direction&quot;:&quot;ASC&quot;,&quot;image_sizes_random&quot;:[],&quot;isotope&quot;:0,&quot;lightbox_enabled&quot;:1,&quot;gallery_link_enabled&quot;:1,&quot;lightbox_theme&quot;:&quot;base_dark&quot;,&quot;lightbox_image_size&quot;:&quot;default&quot;,&quot;title_display&quot;:&quot;float&quot;,&quot;lightbox_title_caption&quot;:&quot;title&quot;,&quot;arrows&quot;:1,&quot;arrows_position&quot;:&quot;inside&quot;,&quot;toolbar&quot;:0,&quot;toolbar_title&quot;:0,&quot;toolbar_position&quot;:&quot;top&quot;,&quot;loop&quot;:1,&quot;lightbox_open_close_effect&quot;:&quot;fade&quot;,&quot;effect&quot;:&quot;fade&quot;,&quot;supersize&quot;:0,&quot;thumbnails_toggle&quot;:0,&quot;thumbnails_hide&quot;:0,&quot;image_counter&quot;:0,&quot;lightbox_html_caption&quot;:0,&quot;thumbnails&quot;:1,&quot;thumbnails_width&quot;:&quot;auto&quot;,&quot;thumbnails_height&quot;:&quot;auto&quot;,&quot;thumbnails_position&quot;:&quot;bottom&quot;,&quot;thumbnails_custom_size&quot;:0,&quot;mobile&quot;:1,&quot;mobile_width&quot;:320,&quot;mobile_height&quot;:240,&quot;mobile_lightbox&quot;:1,&quot;mobile_gallery_link_enabled&quot;:0,&quot;mobile_arrows&quot;:1,&quot;mobile_toolbar&quot;:1,&quot;mobile_thumbnails&quot;:1,&quot;mobile_touchwipe_close&quot;:0,&quot;mobile_thumbnails_width&quot;:75,&quot;mobile_thumbnails_height&quot;:50,&quot;mobile_justified_row_height&quot;:80,&quot;keyboard&quot;:true,&quot;standalone_template&quot;:&quot;&quot;,&quot;classes&quot;:[&quot;&quot;],&quot;rtl&quot;:0,&quot;slug&quot;:&quot;cubierta-colegio&quot;,&quot;gallery_id&quot;:&quot;54237&quot;}\" data-gallery-images=\"[{&quot;status&quot;:&quot;active&quot;,&quot;src&quot;:&quot;https:\/\/valleseco.es\/valleseco\/wp-content\/uploads\/260730_cubierta_colegio11.jpg&quot;,&quot;title&quot;:&quot;260730_cubierta_colegio11&quot;,&quot;link&quot;:&quot;http:\/\/valleseco.es\/valleseco\/wp-content\/uploads\/260730_cubierta_colegio11.jpg&quot;,&quot;alt&quot;:&quot;&quot;,&quot;caption&quot;:false,&quot;thumb&quot;:&quot;https:\/\/valleseco.es\/valleseco\/wp-content\/uploads\/260730_cubierta_colegio11-75x50_c.jpg&quot;,&quot;meta&quot;:{&quot;aperture&quot;:null,&quot;credit&quot;:null,&quot;camera&quot;:null,&quot;caption&quot;:&quot;&quot;,&quot;created_timestamp&quot;:null,&quot;copyright&quot;:&quot;radio valleseco&quot;,&quot;focal_length&quot;:null,&quot;iso&quot;:null,&quot;shutter_speed&quot;:null,&quot;title&quot;:&quot;&quot;,&quot;orientation&quot;:null,&quot;keywords&quot;:null,&quot;alt&quot;:null,&quot;resized_images&quot;:null},&quot;thumbnail&quot;:&quot;https:\/\/valleseco.es\/valleseco\/wp-content\/uploads\/260730_cubierta_colegio11-150x150.jpg&quot;,&quot;medium&quot;:&quot;https:\/\/valleseco.es\/valleseco\/wp-content\/uploads\/260730_cubierta_colegio11-300x200.jpg&quot;,&quot;medium_large&quot;:&quot;https:\/\/valleseco.es\/valleseco\/wp-content\/uploads\/260730_cubierta_colegio11-768x513.jpg&quot;,&quot;large&quot;:&quot;https:\/\/valleseco.es\/valleseco\/wp-content\/uploads\/260730_cubierta_colegio11.jpg&quot;,&quot;1536x1536&quot;:&quot;https:\/\/valleseco.es\/valleseco\/wp-content\/uploads\/260730_cubierta_colegio11.jpg&quot;,&quot;2048x2048&quot;:&quot;https:\/\/valleseco.es\/valleseco\/wp-content\/uploads\/260730_cubierta_colegio11.jpg&quot;,&quot;vp_sm&quot;:&quot;https:\/\/valleseco.es\/valleseco\/wp-content\/uploads\/260730_cubierta_colegio11-500x334.jpg&quot;,&quot;vp_md&quot;:&quot;https:\/\/valleseco.es\/valleseco\/wp-content\/uploads\/260730_cubierta_colegio11-800x534.jpg&quot;,&quot;vp_lg&quot;:&quot;https:\/\/valleseco.es\/valleseco\/wp-content\/uploads\/260730_cubierta_colegio11.jpg&quot;,&quot;vp_xl&quot;:&quot;https:\/\/valleseco.es\/valleseco\/wp-content\/uploads\/260730_cubierta_colegio11.jpg&quot;,&quot;vp_sm_popup&quot;:&quot;https:\/\/valleseco.es\/valleseco\/wp-content\/uploads\/260730_cubierta_colegio11-500x334.jpg&quot;,&quot;vp_md_popup&quot;:&quot;https:\/\/valleseco.es\/valleseco\/wp-content\/uploads\/260730_cubierta_colegio11-800x534.jpg&quot;,&quot;vp_xl_popup&quot;:&quot;https:\/\/valleseco.es\/valleseco\/wp-content\/uploads\/260730_cubierta_colegio11.jpg&quot;,&quot;post-thumbnail&quot;:&quot;https:\/\/valleseco.es\/valleseco\/wp-content\/uploads\/260730_cubierta_colegio11-100x67.jpg&quot;,&quot;entry&quot;:&quot;https:\/\/valleseco.es\/valleseco\/wp-content\/uploads\/260730_cubierta_colegio11-777x519.jpg&quot;,&quot;entry-cropped&quot;:&quot;https:\/\/valleseco.es\/valleseco\/wp-content\/uploads\/260730_cubierta_colegio11-777x434.jpg&quot;,&quot;entry-fullwidth&quot;:&quot;https:\/\/valleseco.es\/valleseco\/wp-content\/uploads\/260730_cubierta_colegio11.jpg&quot;,&quot;entry-cropped-fullwidth&quot;:&quot;https:\/\/valleseco.es\/valleseco\/wp-content\/uploads\/260730_cubierta_colegio11-1000x595.jpg&quot;,&quot;full&quot;:&quot;https:\/\/valleseco.es\/valleseco\/wp-content\/uploads\/260730_cubierta_colegio11.jpg&quot;,&quot;index&quot;:0,&quot;id&quot;:54240,&quot;video&quot;:false,&quot;opts&quot;:{&quot;caption&quot;:&quot;&quot;,&quot;thumb&quot;:&quot;https:\/\/valleseco.es\/valleseco\/wp-content\/uploads\/260730_cubierta_colegio11-75x50_c.jpg&quot;,&quot;title&quot;:&quot;260730_cubierta_colegio11&quot;},&quot;gallery_id&quot;:&quot;54237&quot;},{&quot;status&quot;:&quot;active&quot;,&quot;src&quot;:&quot;https:\/\/valleseco.es\/valleseco\/wp-content\/uploads\/260730_cubierta_colegio31.jpg&quot;,&quot;title&quot;:&quot;260730_cubierta_colegio31&quot;,&quot;link&quot;:&quot;http:\/\/valleseco.es\/valleseco\/wp-content\/uploads\/260730_cubierta_colegio31.jpg&quot;,&quot;alt&quot;:&quot;&quot;,&quot;caption&quot;:false,&quot;thumb&quot;:&quot;https:\/\/valleseco.es\/valleseco\/wp-content\/uploads\/260730_cubierta_colegio31-75x50_c.jpg&quot;,&quot;meta&quot;:{&quot;aperture&quot;:null,&quot;credit&quot;:null,&quot;camera&quot;:null,&quot;caption&quot;:&quot;&quot;,&quot;created_timestamp&quot;:null,&quot;copyright&quot;:null,&quot;focal_length&quot;:null,&quot;iso&quot;:null,&quot;shutter_speed&quot;:null,&quot;title&quot;:&quot;&quot;,&quot;orientation&quot;:null,&quot;keywords&quot;:null,&quot;alt&quot;:null,&quot;resized_images&quot;:null},&quot;thumbnail&quot;:&quot;https:\/\/valleseco.es\/valleseco\/wp-content\/uploads\/260730_cubierta_colegio31-150x150.jpg&quot;,&quot;medium&quot;:&quot;https:\/\/valleseco.es\/valleseco\/wp-content\/uploads\/260730_cubierta_colegio31-300x196.jpg&quot;,&quot;medium_large&quot;:&quot;https:\/\/valleseco.es\/valleseco\/wp-content\/uploads\/260730_cubierta_colegio31-768x502.jpg&quot;,&quot;large&quot;:&quot;https:\/\/valleseco.es\/valleseco\/wp-content\/uploads\/260730_cubierta_colegio31.jpg&quot;,&quot;1536x1536&quot;:&quot;https:\/\/valleseco.es\/valleseco\/wp-content\/uploads\/260730_cubierta_colegio31.jpg&quot;,&quot;2048x2048&quot;:&quot;https:\/\/valleseco.es\/valleseco\/wp-content\/uploads\/260730_cubierta_colegio31.jpg&quot;,&quot;vp_sm&quot;:&quot;https:\/\/valleseco.es\/valleseco\/wp-content\/uploads\/260730_cubierta_colegio31-500x327.jpg&quot;,&quot;vp_md&quot;:&quot;https:\/\/valleseco.es\/valleseco\/wp-content\/uploads\/260730_cubierta_colegio31-800x523.jpg&quot;,&quot;vp_lg&quot;:&quot;https:\/\/valleseco.es\/valleseco\/wp-content\/uploads\/260730_cubierta_colegio31.jpg&quot;,&quot;vp_xl&quot;:&quot;https:\/\/valleseco.es\/valleseco\/wp-content\/uploads\/260730_cubierta_colegio31.jpg&quot;,&quot;vp_sm_popup&quot;:&quot;https:\/\/valleseco.es\/valleseco\/wp-content\/uploads\/260730_cubierta_colegio31-500x327.jpg&quot;,&quot;vp_md_popup&quot;:&quot;https:\/\/valleseco.es\/valleseco\/wp-content\/uploads\/260730_cubierta_colegio31-800x523.jpg&quot;,&quot;vp_xl_popup&quot;:&quot;https:\/\/valleseco.es\/valleseco\/wp-content\/uploads\/260730_cubierta_colegio31.jpg&quot;,&quot;post-thumbnail&quot;:&quot;https:\/\/valleseco.es\/valleseco\/wp-content\/uploads\/260730_cubierta_colegio31-100x65.jpg&quot;,&quot;entry&quot;:&quot;https:\/\/valleseco.es\/valleseco\/wp-content\/uploads\/260730_cubierta_colegio31-777x508.jpg&quot;,&quot;entry-cropped&quot;:&quot;https:\/\/valleseco.es\/valleseco\/wp-content\/uploads\/260730_cubierta_colegio31-777x434.jpg&quot;,&quot;entry-fullwidth&quot;:&quot;https:\/\/valleseco.es\/valleseco\/wp-content\/uploads\/260730_cubierta_colegio31.jpg&quot;,&quot;entry-cropped-fullwidth&quot;:&quot;https:\/\/valleseco.es\/valleseco\/wp-content\/uploads\/260730_cubierta_colegio31-1000x595.jpg&quot;,&quot;full&quot;:&quot;https:\/\/valleseco.es\/valleseco\/wp-content\/uploads\/260730_cubierta_colegio31.jpg&quot;,&quot;index&quot;:1,&quot;id&quot;:54241,&quot;video&quot;:false,&quot;opts&quot;:{&quot;caption&quot;:&quot;&quot;,&quot;thumb&quot;:&quot;https:\/\/valleseco.es\/valleseco\/wp-content\/uploads\/260730_cubierta_colegio31-75x50_c.jpg&quot;,&quot;title&quot;:&quot;260730_cubierta_colegio31&quot;},&quot;gallery_id&quot;:&quot;54237&quot;},{&quot;status&quot;:&quot;active&quot;,&quot;src&quot;:&quot;https:\/\/valleseco.es\/valleseco\/wp-content\/uploads\/260730_cubierta_colegio41.jpg&quot;,&quot;title&quot;:&quot;260730_cubierta_colegio41&quot;,&quot;link&quot;:&quot;http:\/\/valleseco.es\/valleseco\/wp-content\/uploads\/260730_cubierta_colegio41.jpg&quot;,&quot;alt&quot;:&quot;&quot;,&quot;caption&quot;:false,&quot;thumb&quot;:&quot;https:\/\/valleseco.es\/valleseco\/wp-content\/uploads\/260730_cubierta_colegio41-75x50_c.jpg&quot;,&quot;meta&quot;:{&quot;aperture&quot;:null,&quot;credit&quot;:null,&quot;camera&quot;:null,&quot;caption&quot;:&quot;&quot;,&quot;created_timestamp&quot;:null,&quot;copyright&quot;:null,&quot;focal_length&quot;:null,&quot;iso&quot;:null,&quot;shutter_speed&quot;:null,&quot;title&quot;:&quot;&quot;,&quot;orientation&quot;:null,&quot;keywords&quot;:null,&quot;alt&quot;:null,&quot;resized_images&quot;:null},&quot;thumbnail&quot;:&quot;https:\/\/valleseco.es\/valleseco\/wp-content\/uploads\/260730_cubierta_colegio41-150x150.jpg&quot;,&quot;medium&quot;:&quot;https:\/\/valleseco.es\/valleseco\/wp-content\/uploads\/260730_cubierta_colegio41-300x196.jpg&quot;,&quot;medium_large&quot;:&quot;https:\/\/valleseco.es\/valleseco\/wp-content\/uploads\/260730_cubierta_colegio41-768x502.jpg&quot;,&quot;large&quot;:&quot;https:\/\/valleseco.es\/valleseco\/wp-content\/uploads\/260730_cubierta_colegio41.jpg&quot;,&quot;1536x1536&quot;:&quot;https:\/\/valleseco.es\/valleseco\/wp-content\/uploads\/260730_cubierta_colegio41.jpg&quot;,&quot;2048x2048&quot;:&quot;https:\/\/valleseco.es\/valleseco\/wp-content\/uploads\/260730_cubierta_colegio41.jpg&quot;,&quot;vp_sm&quot;:&quot;https:\/\/valleseco.es\/valleseco\/wp-content\/uploads\/260730_cubierta_colegio41-500x327.jpg&quot;,&quot;vp_md&quot;:&quot;https:\/\/valleseco.es\/valleseco\/wp-content\/uploads\/260730_cubierta_colegio41-800x523.jpg&quot;,&quot;vp_lg&quot;:&quot;https:\/\/valleseco.es\/valleseco\/wp-content\/uploads\/260730_cubierta_colegio41.jpg&quot;,&quot;vp_xl&quot;:&quot;https:\/\/valleseco.es\/valleseco\/wp-content\/uploads\/260730_cubierta_colegio41.jpg&quot;,&quot;vp_sm_popup&quot;:&quot;https:\/\/valleseco.es\/valleseco\/wp-content\/uploads\/260730_cubierta_colegio41-500x327.jpg&quot;,&quot;vp_md_popup&quot;:&quot;https:\/\/valleseco.es\/valleseco\/wp-content\/uploads\/260730_cubierta_colegio41-800x523.jpg&quot;,&quot;vp_xl_popup&quot;:&quot;https:\/\/valleseco.es\/valleseco\/wp-content\/uploads\/260730_cubierta_colegio41.jpg&quot;,&quot;post-thumbnail&quot;:&quot;https:\/\/valleseco.es\/valleseco\/wp-content\/uploads\/260730_cubierta_colegio41-100x65.jpg&quot;,&quot;entry&quot;:&quot;https:\/\/valleseco.es\/valleseco\/wp-content\/uploads\/260730_cubierta_colegio41-777x508.jpg&quot;,&quot;entry-cropped&quot;:&quot;https:\/\/valleseco.es\/valleseco\/wp-content\/uploads\/260730_cubierta_colegio41-777x434.jpg&quot;,&quot;entry-fullwidth&quot;:&quot;https:\/\/valleseco.es\/valleseco\/wp-content\/uploads\/260730_cubierta_colegio41.jpg&quot;,&quot;entry-cropped-fullwidth&quot;:&quot;https:\/\/valleseco.es\/valleseco\/wp-content\/uploads\/260730_cubierta_colegio41-1000x595.jpg&quot;,&quot;full&quot;:&quot;https:\/\/valleseco.es\/valleseco\/wp-content\/uploads\/260730_cubierta_colegio41.jpg&quot;,&quot;index&quot;:2,&quot;id&quot;:54242,&quot;video&quot;:false,&quot;opts&quot;:{&quot;caption&quot;:&quot;&quot;,&quot;thumb&quot;:&quot;https:\/\/valleseco.es\/valleseco\/wp-content\/uploads\/260730_cubierta_colegio41-75x50_c.jpg&quot;,&quot;title&quot;:&quot;260730_cubierta_colegio41&quot;},&quot;gallery_id&quot;:&quot;54237&quot;},{&quot;status&quot;:&quot;active&quot;,&quot;src&quot;:&quot;https:\/\/valleseco.es\/valleseco\/wp-content\/uploads\/260730_cubierta_colegio21.jpg&quot;,&quot;title&quot;:&quot;260730_cubierta_colegio21&quot;,&quot;link&quot;:&quot;http:\/\/valleseco.es\/valleseco\/wp-content\/uploads\/260730_cubierta_colegio21.jpg&quot;,&quot;alt&quot;:&quot;&quot;,&quot;caption&quot;:false,&quot;thumb&quot;:&quot;https:\/\/valleseco.es\/valleseco\/wp-content\/uploads\/260730_cubierta_colegio21-75x50_c.jpg&quot;,&quot;meta&quot;:{&quot;aperture&quot;:null,&quot;credit&quot;:null,&quot;camera&quot;:null,&quot;caption&quot;:&quot;&quot;,&quot;created_timestamp&quot;:null,&quot;copyright&quot;:null,&quot;focal_length&quot;:null,&quot;iso&quot;:null,&quot;shutter_speed&quot;:null,&quot;title&quot;:&quot;&quot;,&quot;orientation&quot;:null,&quot;keywords&quot;:null,&quot;alt&quot;:null},&quot;thumbnail&quot;:&quot;https:\/\/valleseco.es\/valleseco\/wp-content\/uploads\/260730_cubierta_colegio21-150x150.jpg&quot;,&quot;medium&quot;:&quot;https:\/\/valleseco.es\/valleseco\/wp-content\/uploads\/260730_cubierta_colegio21-300x196.jpg&quot;,&quot;medium_large&quot;:&quot;https:\/\/valleseco.es\/valleseco\/wp-content\/uploads\/260730_cubierta_colegio21-768x502.jpg&quot;,&quot;large&quot;:&quot;https:\/\/valleseco.es\/valleseco\/wp-content\/uploads\/260730_cubierta_colegio21.jpg&quot;,&quot;1536x1536&quot;:&quot;https:\/\/valleseco.es\/valleseco\/wp-content\/uploads\/260730_cubierta_colegio21.jpg&quot;,&quot;2048x2048&quot;:&quot;https:\/\/valleseco.es\/valleseco\/wp-content\/uploads\/260730_cubierta_colegio21.jpg&quot;,&quot;vp_sm&quot;:&quot;https:\/\/valleseco.es\/valleseco\/wp-content\/uploads\/260730_cubierta_colegio21-500x327.jpg&quot;,&quot;vp_md&quot;:&quot;https:\/\/valleseco.es\/valleseco\/wp-content\/uploads\/260730_cubierta_colegio21-800x523.jpg&quot;,&quot;vp_lg&quot;:&quot;https:\/\/valleseco.es\/valleseco\/wp-content\/uploads\/260730_cubierta_colegio21.jpg&quot;,&quot;vp_xl&quot;:&quot;https:\/\/valleseco.es\/valleseco\/wp-content\/uploads\/260730_cubierta_colegio21.jpg&quot;,&quot;vp_sm_popup&quot;:&quot;https:\/\/valleseco.es\/valleseco\/wp-content\/uploads\/260730_cubierta_colegio21-500x327.jpg&quot;,&quot;vp_md_popup&quot;:&quot;https:\/\/valleseco.es\/valleseco\/wp-content\/uploads\/260730_cubierta_colegio21-800x523.jpg&quot;,&quot;vp_xl_popup&quot;:&quot;https:\/\/valleseco.es\/valleseco\/wp-content\/uploads\/260730_cubierta_colegio21.jpg&quot;,&quot;post-thumbnail&quot;:&quot;https:\/\/valleseco.es\/valleseco\/wp-content\/uploads\/260730_cubierta_colegio21-100x65.jpg&quot;,&quot;entry&quot;:&quot;https:\/\/valleseco.es\/valleseco\/wp-content\/uploads\/260730_cubierta_colegio21-777x508.jpg&quot;,&quot;entry-cropped&quot;:&quot;https:\/\/valleseco.es\/valleseco\/wp-content\/uploads\/260730_cubierta_colegio21-777x434.jpg&quot;,&quot;entry-fullwidth&quot;:&quot;https:\/\/valleseco.es\/valleseco\/wp-content\/uploads\/260730_cubierta_colegio21.jpg&quot;,&quot;entry-cropped-fullwidth&quot;:&quot;https:\/\/valleseco.es\/valleseco\/wp-content\/uploads\/260730_cubierta_colegio21-1000x595.jpg&quot;,&quot;full&quot;:&quot;https:\/\/valleseco.es\/valleseco\/wp-content\/uploads\/260730_cubierta_colegio21.jpg&quot;,&quot;index&quot;:3,&quot;id&quot;:54243,&quot;video&quot;:false,&quot;opts&quot;:{&quot;caption&quot;:&quot;&quot;,&quot;thumb&quot;:&quot;https:\/\/valleseco.es\/valleseco\/wp-content\/uploads\/260730_cubierta_colegio21-75x50_c.jpg&quot;,&quot;title&quot;:&quot;260730_cubierta_colegio21&quot;},&quot;gallery_id&quot;:&quot;54237&quot;}]\" data-lightbox-theme=\"{&quot;arrows&quot;:true,&quot;margins&quot;:[120,0],&quot;gutter&quot;:&quot;100&quot;,&quot;thumbs_position&quot;:&quot;bottom&quot;,&quot;base_template&quot;:&quot;&lt;div id=&quot;envirabox-54237&quot; data-envirabox-id=&quot;54237&quot; class=&quot;envirabox-container envirabox-theme-base_dark envirabox-wrap&quot; role=&quot;dialog&quot;&gt;&lt;div class=&quot;envirabox-bg&quot;&gt;&lt;\/div&gt;&lt;div class=&quot;envirabox-outer&quot;&gt;&lt;div class=&quot;envirabox-inner&quot;&gt;&lt;div class=&quot;envirabox-caption-wrap&quot;&gt;&lt;div class=&quot;envirabox-title&quot;&gt;&lt;\/div&gt;&lt;\/div&gt;&lt;div class=&quot;envirabox-toolbar&quot;&gt;&lt;div class=&quot;envira-close-button&quot;&gt;&lt;a data-envirabox-close class=&quot;envirabox-item envirabox-close envirabox-button--close&quot; title=&quot;Close&quot; href=&quot;#&quot;&gt;&lt;\/a&gt;&lt;\/div&gt;&lt;\/div&gt;&lt;div class=&quot;envirabox-navigation&quot;&gt;&lt;a data-envirabox-prev title=&quot;Prev&quot; class=&quot;envirabox-arrow envirabox-arrow--left envirabox-nav envirabox-prev&quot; href=&quot;#&quot;&gt;&lt;span&gt;&lt;\/span&gt;&lt;\/a&gt;&lt;a data-envirabox-next title=&quot;Next&quot; class=&quot;envirabox-arrow envirabox-arrow--right envirabox-nav envirabox-next&quot; href=&quot;#&quot;&gt;&lt;span&gt;&lt;\/span&gt;&lt;\/a&gt;&lt;\/div&gt;&lt;div class=&quot;envirabox-stage&quot;&gt;&lt;\/div&gt;&lt;\/div&gt;&lt;\/div&gt;&lt;\/div&gt;&quot;,&quot;load_all&quot;:false,&quot;error_template&quot;:&quot;&lt;div class=&quot;envirabox-error&quot;&gt;&lt;p&gt;{{ERROR}}&lt;p&gt;&lt;\/div&gt;&quot;,&quot;inner_caption&quot;:false,&quot;caption_position&quot;:false,&quot;arrow_position&quot;:false,&quot;toolbar&quot;:true,&quot;infobar&quot;:false,&quot;show_smallbtn&quot;:false,&quot;idle_time&quot;:false,&quot;click_content&quot;:false,&quot;click_slide&quot;:false,&quot;click_outside&quot;:false,&quot;animation_duration&quot;:false,&quot;transition_duration&quot;:false,&quot;small_btn_template&quot;:&quot;&lt;a data-envirabox-close class=&quot;envirabox-item envirabox-close envirabox-button--close&quot; title=&quot;Close&quot; href=&quot;#&quot;&gt;&lt;\/a&gt;&quot;}\" data-parsed-attrs=\"{&quot;id&quot;:&quot;54237&quot;,&quot;cache&quot;:true}\">\n<div id=\"envira-gallery-item-54240\" class=\"envira-gallery-item envira-gallery-item-1 envira-lazy-load\" style=\"padding-left: 5px;padding-bottom: 10px;padding-right: 5px\">\n<div class=\"envira-gallery-item-inner\">\n<div class=\"envira-gallery-position-overlay envira-gallery-top-left\"><\/div>\n<div class=\"envira-gallery-position-overlay envira-gallery-top-right\"><\/div>\n<div class=\"envira-gallery-position-overlay envira-gallery-bottom-left\"><\/div>\n<div class=\"envira-gallery-position-overlay envira-gallery-bottom-right\"><\/div>\n<p><a class=\"envira-gallery-54237 envira-gallery-link\" href=\"https:\/\/valleseco.es\/valleseco\/wp-content\/uploads\/260730_cubierta_colegio11.jpg\" title=\"260730_cubierta_colegio11\" data-caption=\"\" data-envira-item-id=\"54240\" data-envira-retina=\"https:\/\/valleseco.es\/valleseco\/wp-content\/uploads\/260730_cubierta_colegio11.jpg\" data-thumb=\"https:\/\/valleseco.es\/valleseco\/wp-content\/uploads\/260730_cubierta_colegio11-75x50_c.jpg\" data-title=\"260730_cubierta_colegio11\" data-envirabox=\"54237\"><img loading=\"lazy\" decoding=\"async\" src=\"https:\/\/valleseco.es\/valleseco\/wp-content\/uploads\/260730_cubierta_colegio11-777x519.jpg\" alt=\"\" class=\"envira-gallery-image envira-gallery-image-1    envira-lazy\" height=\"480\" id=\"envira-gallery-image-54240\" title=\"260730_cubierta_colegio11\" width=\"640\" data-caption=\"\" data-envira-gallery-id=\"54237\" data-envira-index=\"0\" data-envira-item-id=\"54240\" data-envira-src=\"https:\/\/valleseco.es\/valleseco\/wp-content\/uploads\/260730_cubierta_colegio11-777x519.jpg\" data-envira-srcset=\"https:\/\/valleseco.es\/valleseco\/wp-content\/uploads\/260730_cubierta_colegio11-777x519.jpg 400w, https:\/\/valleseco.es\/valleseco\/wp-content\/uploads\/260730_cubierta_colegio11-777x519.jpg 2x\" data-title=\"260730_cubierta_colegio11\" data-envirabox=\"54237\" data-automatic-caption=\"\" data-envira-height=\"200\" data-envira-width=\"300\"><\/a><\/div>\n<\/div>\n<div id=\"envira-gallery-item-54241\" class=\"envira-gallery-item envira-gallery-item-2 envira-lazy-load\" style=\"padding-left: 5px;padding-bottom: 10px;padding-right: 5px\">\n<div class=\"envira-gallery-item-inner\">\n<div class=\"envira-gallery-position-overlay envira-gallery-top-left\"><\/div>\n<div class=\"envira-gallery-position-overlay envira-gallery-top-right\"><\/div>\n<div class=\"envira-gallery-position-overlay envira-gallery-bottom-left\"><\/div>\n<div class=\"envira-gallery-position-overlay envira-gallery-bottom-right\"><\/div>\n<p><a class=\"envira-gallery-54237 envira-gallery-link\" href=\"https:\/\/valleseco.es\/valleseco\/wp-content\/uploads\/260730_cubierta_colegio31.jpg\" title=\"260730_cubierta_colegio31\" data-caption=\"\" data-envira-item-id=\"54241\" data-envira-retina=\"https:\/\/valleseco.es\/valleseco\/wp-content\/uploads\/260730_cubierta_colegio31.jpg\" data-thumb=\"https:\/\/valleseco.es\/valleseco\/wp-content\/uploads\/260730_cubierta_colegio31-75x50_c.jpg\" data-title=\"260730_cubierta_colegio31\" data-envirabox=\"54237\"><img loading=\"lazy\" decoding=\"async\" src=\"https:\/\/valleseco.es\/valleseco\/wp-content\/uploads\/260730_cubierta_colegio31-777x508.jpg\" alt=\"\" class=\"envira-gallery-image envira-gallery-image-2    envira-lazy\" height=\"480\" id=\"envira-gallery-image-54241\" title=\"260730_cubierta_colegio31\" width=\"640\" data-caption=\"\" data-envira-gallery-id=\"54237\" data-envira-index=\"1\" data-envira-item-id=\"54241\" data-envira-src=\"https:\/\/valleseco.es\/valleseco\/wp-content\/uploads\/260730_cubierta_colegio31-777x508.jpg\" data-envira-srcset=\"https:\/\/valleseco.es\/valleseco\/wp-content\/uploads\/260730_cubierta_colegio31-777x508.jpg 400w, https:\/\/valleseco.es\/valleseco\/wp-content\/uploads\/260730_cubierta_colegio31-777x508.jpg 2x\" data-title=\"260730_cubierta_colegio31\" data-envirabox=\"54237\" data-automatic-caption=\"\" data-envira-height=\"196\" data-envira-width=\"300\"><\/a><\/div>\n<\/div>\n<div id=\"envira-gallery-item-54242\" class=\"envira-gallery-item envira-gallery-item-3 envira-lazy-load\" style=\"padding-left: 5px;padding-bottom: 10px;padding-right: 5px\">\n<div class=\"envira-gallery-item-inner\">\n<div class=\"envira-gallery-position-overlay envira-gallery-top-left\"><\/div>\n<div class=\"envira-gallery-position-overlay envira-gallery-top-right\"><\/div>\n<div class=\"envira-gallery-position-overlay envira-gallery-bottom-left\"><\/div>\n<div class=\"envira-gallery-position-overlay envira-gallery-bottom-right\"><\/div>\n<p><a class=\"envira-gallery-54237 envira-gallery-link\" href=\"https:\/\/valleseco.es\/valleseco\/wp-content\/uploads\/260730_cubierta_colegio41.jpg\" title=\"260730_cubierta_colegio41\" data-caption=\"\" data-envira-item-id=\"54242\" data-envira-retina=\"https:\/\/valleseco.es\/valleseco\/wp-content\/uploads\/260730_cubierta_colegio41.jpg\" data-thumb=\"https:\/\/valleseco.es\/valleseco\/wp-content\/uploads\/260730_cubierta_colegio41-75x50_c.jpg\" data-title=\"260730_cubierta_colegio41\" data-envirabox=\"54237\"><img decoding=\"async\" loading=\"lazy\" src=\"https:\/\/valleseco.es\/valleseco\/wp-content\/uploads\/260730_cubierta_colegio41-777x508.jpg\" alt=\"\" class=\"envira-gallery-image envira-gallery-image-3    envira-lazy\" height=\"480\" id=\"envira-gallery-image-54242\" title=\"260730_cubierta_colegio41\" width=\"640\" data-caption=\"\" data-envira-gallery-id=\"54237\" data-envira-index=\"2\" data-envira-item-id=\"54242\" data-envira-src=\"https:\/\/valleseco.es\/valleseco\/wp-content\/uploads\/260730_cubierta_colegio41-777x508.jpg\" data-envira-srcset=\"https:\/\/valleseco.es\/valleseco\/wp-content\/uploads\/260730_cubierta_colegio41-777x508.jpg 400w, https:\/\/valleseco.es\/valleseco\/wp-content\/uploads\/260730_cubierta_colegio41-777x508.jpg 2x\" data-title=\"260730_cubierta_colegio41\" data-envirabox=\"54237\" data-automatic-caption=\"\" data-envira-height=\"196\" data-envira-width=\"300\"><\/a><\/div>\n<\/div>\n<div id=\"envira-gallery-item-54243\" class=\"envira-gallery-item envira-gallery-item-4 envira-lazy-load\" style=\"padding-left: 5px;padding-bottom: 10px;padding-right: 5px\">\n<div class=\"envira-gallery-item-inner\">\n<div class=\"envira-gallery-position-overlay envira-gallery-top-left\"><\/div>\n<div class=\"envira-gallery-position-overlay envira-gallery-top-right\"><\/div>\n<div class=\"envira-gallery-position-overlay envira-gallery-bottom-left\"><\/div>\n<div class=\"envira-gallery-position-overlay envira-gallery-bottom-right\"><\/div>\n<p><a class=\"envira-gallery-54237 envira-gallery-link\" href=\"https:\/\/valleseco.es\/valleseco\/wp-content\/uploads\/260730_cubierta_colegio21.jpg\" title=\"260730_cubierta_colegio21\" data-caption=\"\" data-envira-item-id=\"54243\" data-envira-retina=\"https:\/\/valleseco.es\/valleseco\/wp-content\/uploads\/260730_cubierta_colegio21.jpg\" data-thumb=\"https:\/\/valleseco.es\/valleseco\/wp-content\/uploads\/260730_cubierta_colegio21-75x50_c.jpg\" data-title=\"260730_cubierta_colegio21\" data-envirabox=\"54237\"><img decoding=\"async\" loading=\"lazy\" src=\"https:\/\/valleseco.es\/valleseco\/wp-content\/uploads\/260730_cubierta_colegio21-777x508.jpg\" alt=\"\" class=\"envira-gallery-image envira-gallery-image-4    envira-lazy\" height=\"480\" id=\"envira-gallery-image-54243\" title=\"260730_cubierta_colegio21\" width=\"640\" data-caption=\"\" data-envira-gallery-id=\"54237\" data-envira-index=\"3\" data-envira-item-id=\"54243\" data-envira-src=\"https:\/\/valleseco.es\/valleseco\/wp-content\/uploads\/260730_cubierta_colegio21-777x508.jpg\" data-envira-srcset=\"https:\/\/valleseco.es\/valleseco\/wp-content\/uploads\/260730_cubierta_colegio21-777x508.jpg 400w, https:\/\/valleseco.es\/valleseco\/wp-content\/uploads\/260730_cubierta_colegio21-777x508.jpg 2x\" data-title=\"260730_cubierta_colegio21\" data-envirabox=\"54237\" data-automatic-caption=\"\" data-envira-height=\"196\" data-envira-width=\"300\"><\/a><\/div>\n<\/div>\n<\/div>\n<\/div>\n<p><img decoding=\"async\" src=\"http:\/\/valleseco.es\/valleseco\/wp-content\/uploads\/260730_cubierta_colegio11.jpg\" alt=\"\" class=\"envira_noscript_images \"><img decoding=\"async\" src=\"http:\/\/valleseco.es\/valleseco\/wp-content\/uploads\/260730_cubierta_colegio31.jpg\" alt=\"\" class=\"envira_noscript_images \"><img decoding=\"async\" src=\"http:\/\/valleseco.es\/valleseco\/wp-content\/uploads\/260730_cubierta_colegio41.jpg\" alt=\"\" class=\"envira_noscript_images \"><img decoding=\"async\" src=\"http:\/\/valleseco.es\/valleseco\/wp-content\/uploads\/260730_cubierta_colegio21.jpg\" alt=\"\" class=\"envira_noscript_images \"><\/p>\n","protected":false},"excerpt":{"rendered":"<p>La actuaci\u00f3n, financiada por el Gobierno de Canarias, permitir\u00e1 mejorar las instalaciones deportivas y educativas del municipio, incorporando adem\u00e1s sistemas de generaci\u00f3n fotovoltaica y mejoras en la accesibilidad. El Ayuntamiento&hellip;<\/p>\n","protected":false},"author":1,"featured_media":1865,"comment_status":"open","ping_status":"open","sticky":false,"template":"","format":"standard","meta":{"wpai_generated_summary":"","wpai_meta_description":"","footnotes":""},"categories":[143],"tags":[],"class_list":["post-1864","post","type-post","status-publish","format-standard","has-post-thumbnail","hentry","category-ayuntamiento-de-valleseco"],"_links":{"self":[{"href":"https:\/\/nublo.tv\/index.php\/wp-json\/wp\/v2\/posts\/1864","targetHints":{"allow":["GET"]}}],"collection":[{"href":"https:\/\/nublo.tv\/index.php\/wp-json\/wp\/v2\/posts"}],"about":[{"href":"https:\/\/nublo.tv\/index.php\/wp-json\/wp\/v2\/types\/post"}],"author":[{"embeddable":true,"href":"https:\/\/nublo.tv\/index.php\/wp-json\/wp\/v2\/users\/1"}],"replies":[{"embeddable":true,"href":"https:\/\/nublo.tv\/index.php\/wp-json\/wp\/v2\/comments?post=1864"}],"version-history":[{"count":1,"href":"https:\/\/nublo.tv\/index.php\/wp-json\/wp\/v2\/posts\/1864\/revisions"}],"predecessor-version":[{"id":1869,"href":"https:\/\/nublo.tv\/index.php\/wp-json\/wp\/v2\/posts\/1864\/revisions\/1869"}],"wp:featuredmedia":[{"embeddable":true,"href":"https:\/\/nublo.tv\/index.php\/wp-json\/wp\/v2\/media\/1865"}],"wp:attachment":[{"href":"https:\/\/nublo.tv\/index.php\/wp-json\/wp\/v2\/media?parent=1864"}],"wp:term":[{"taxonomy":"category","embeddable":true,"href":"https:\/\/nublo.tv\/index.php\/wp-json\/wp\/v2\/categories?post=1864"},{"taxonomy":"post_tag","embeddable":true,"href":"https:\/\/nublo.tv\/index.php\/wp-json\/wp\/v2\/tags?post=1864"}],"curies":[{"name":"wp","href":"https:\/\/api.w.org\/{rel}","templated":true}]}}