{"id":1866,"date":"2026-08-06T13:38:10","date_gmt":"2026-08-06T12:38:10","guid":{"rendered":"https:\/\/nublo.tv\/?p=1866"},"modified":"2026-08-06T13:38:10","modified_gmt":"2026-08-06T12:38:10","slug":"el-gobierno-actualiza-la-situacion-a-prealerta-por-viento-en-todo-el-archipielago","status":"publish","type":"post","link":"https:\/\/nublo.tv\/index.php\/2026\/08\/06\/el-gobierno-actualiza-la-situacion-a-prealerta-por-viento-en-todo-el-archipielago\/","title":{"rendered":"El Gobierno actualiza la situaci\u00f3n a prealerta por viento en todo el Archipi\u00e9lago"},"content":{"rendered":"<p>El Gobierno de Canarias, a trav\u00e9s de la Direcci\u00f3n General de Emergencias, actualiza la situaci\u00f3n pasando a prealerta por viento en toda Canarias a partir de las 14:00 horas de hoy, jueves 6 de agosto.\u00a0\u00a0Esta decisi\u00f3n se toma teniendo en cuenta la informaci\u00f3n facilitada por la Agencia Estatal de Meteorolog\u00eda junto a otras fuentes disponibles y en aplicaci\u00f3n del Plan Espec\u00edfico de Emergencias de Canarias por Riesgos de Fen\u00f3menos Meteorol\u00f3gicos Adversos (PEFMA). <span id=\"more-12229\"><\/span><\/p>\n<p><strong>\u00c1mbito territorial:\u00a0<\/strong><br \/>\nComunidad aut\u00f3noma de Canarias<\/p>\n<p><strong>Observaciones:\u00a0<\/strong><br \/>\nViento del nordeste moderado a fuerte, con rachas ocasionales muy fuertes en las zonas altas de la cuenca de Tirajana, en Gran Canaria, y en la vertiente oeste de las cumbres centrales de Tenerife, as\u00ed como en la zona de El Paso y la vertiente oeste de Cumbre Vieja, en la isla de La Palma y, en general, en las vertientes sureste y noroeste de todas las islas monta\u00f1osas, donde se podr\u00e1n alcanzar rachas de 70 -80 kil\u00f3metros por hora e incluso localmente de 90 kil\u00f3metros por hora.\u00a0Tambi\u00e9n en zonas del interior en la mitad sur de la isla de Lanzarote, y menos probables y con rachas de menor intensidad en zonas de interior en la mitad sur de Fuerteventura.<\/p>\n<p>Se insta a la poblaci\u00f3n a seguir los siguientes\u00a0<a href=\"https:\/\/www.gobiernodecanarias.org\/emergencias\/alertas\/consejos\/vientos\/vientos.html\">consejos de autoprotecci\u00f3n<\/a>\u00a0de la Direcci\u00f3n General de Emergencias.<\/p>\n<p><a href=\"https:\/\/www3.gobiernodecanarias.org\/noticias\/wp-content\/uploads\/2026\/08\/26-08-06-Actualizacion_2-48-2026-PEFMA-Prealerta-vientos.pdf\">26-08-06 Actualizacion_2 48 2026 PEFMA Prealerta vientos<\/a><\/p>\n<p><a href=\"https:\/\/www3.gobiernodecanarias.org\/noticias\/wp-content\/uploads\/2026\/08\/PEFMA-RECOMENDACIONES-RIESGO-DE-VIENTOS.pdf\">PEFMA \u2013 RECOMENDACIONES \u2013 RIESGO DE VIENTOS\u00a0<\/a><\/p>\n","protected":false},"excerpt":{"rendered":"<p>El Gobierno de Canarias, a trav\u00e9s de la Direcci\u00f3n General de Emergencias, actualiza la situaci\u00f3n pasando a prealerta por viento en toda Canarias a partir de las 14:00 horas de&hellip;<\/p>\n","protected":false},"author":1,"featured_media":1867,"comment_status":"open","ping_status":"open","sticky":false,"template":"","format":"standard","meta":{"wpai_generated_summary":"","wpai_meta_description":"","footnotes":""},"categories":[121],"tags":[],"class_list":["post-1866","post","type-post","status-publish","format-standard","has-post-thumbnail","hentry","category-noticias"],"_links":{"self":[{"href":"https:\/\/nublo.tv\/index.php\/wp-json\/wp\/v2\/posts\/1866","targetHints":{"allow":["GET"]}}],"collection":[{"href":"https:\/\/nublo.tv\/index.php\/wp-json\/wp\/v2\/posts"}],"about":[{"href":"https:\/\/nublo.tv\/index.php\/wp-json\/wp\/v2\/types\/post"}],"author":[{"embeddable":true,"href":"https:\/\/nublo.tv\/index.php\/wp-json\/wp\/v2\/users\/1"}],"replies":[{"embeddable":true,"href":"https:\/\/nublo.tv\/index.php\/wp-json\/wp\/v2\/comments?post=1866"}],"version-history":[{"count":1,"href":"https:\/\/nublo.tv\/index.php\/wp-json\/wp\/v2\/posts\/1866\/revisions"}],"predecessor-version":[{"id":1878,"href":"https:\/\/nublo.tv\/index.php\/wp-json\/wp\/v2\/posts\/1866\/revisions\/1878"}],"wp:featuredmedia":[{"embeddable":true,"href":"https:\/\/nublo.tv\/index.php\/wp-json\/wp\/v2\/media\/1867"}],"wp:attachment":[{"href":"https:\/\/nublo.tv\/index.php\/wp-json\/wp\/v2\/media?parent=1866"}],"wp:term":[{"taxonomy":"category","embeddable":true,"href":"https:\/\/nublo.tv\/index.php\/wp-json\/wp\/v2\/categories?post=1866"},{"taxonomy":"post_tag","embeddable":true,"href":"https:\/\/nublo.tv\/index.php\/wp-json\/wp\/v2\/tags?post=1866"}],"curies":[{"name":"wp","href":"https:\/\/api.w.org\/{rel}","templated":true}]}}