{"id":18663,"date":"2026-08-31T13:33:50","date_gmt":"2026-08-31T12:33:50","guid":{"rendered":"https:\/\/nublo.tv\/?p=18663"},"modified":"2026-08-31T13:33:50","modified_gmt":"2026-08-31T12:33:50","slug":"gala-solidaria-en-barrial-recauda-fondos-para-escuelas-en-mozambique","status":"publish","type":"post","link":"https:\/\/nublo.tv\/index.php\/2026\/08\/31\/gala-solidaria-en-barrial-recauda-fondos-para-escuelas-en-mozambique\/","title":{"rendered":"Gala solidaria en Barrial recauda fondos para escuelas en Mozambique"},"content":{"rendered":"<p><strong>El Ayuntamiento de Gu\u00e1ldar organiz\u00f3 este jueves la gala solidaria \u201cGu\u00e1ldar con el coraz\u00f3n en Mozambique\u201d en la Asociaci\u00f3n de Vecinos Amagro de Barrial, para recaudar fondos destinados a escuelas infantiles y primarias en poblados rurales de Mozambique.<\/strong><\/p>\n<p>El evento, coordinado por la Consejer\u00eda de Solidaridad bajo la direcci\u00f3n de Ana Teresa Mendoza Jim\u00e9nez, forma parte del programa \u201cGu\u00e1ldar por la Solidaridad 2026\u201d.<\/p>\n<p>Los fondos recaudados ser\u00e1n gestionados por la asociaci\u00f3n Madres Solidarias, que los enviar\u00e1 a los proyectos educativos impulsados por el sacerdote Manuel Ram\u00edrez en el pa\u00eds africano.<\/p>\n<p>La velada incluy\u00f3 la actuaci\u00f3n musical del d\u00fao Juan Carlos \u00c1lamo Rosario y Dunia Candelaria Sosa, con un repertorio que abarc\u00f3 boleros, canciones de protesta y m\u00fasica tradicional puertorrique\u00f1a.<\/p>\n<p>Esta gala constituye la cuarta cita del programa de galas solidarias, despu\u00e9s de las celebradas en San Isidro, Ca\u00f1ada Honda y Los Quintana, y se financia mediante la Consejer\u00eda de Cooperaci\u00f3n Institucional y Solidaridad Internacional del Cabildo de Gran Canaria.<\/p>\n","protected":false},"excerpt":{"rendered":"<p>El Ayuntamiento de G\u00e1ldar, a trav\u00e9s de la Concejal\u00eda de Solidaridad, que dirige Ana Teresa Mendoza Jim\u00e9nez, celebr\u00f3 este jueves la gala solidaria \u2018G\u00e1ldar con el coraz\u00f3n en Mozambique\u2019, una&hellip;<\/p>\n","protected":false},"author":1,"featured_media":18676,"comment_status":"open","ping_status":"open","sticky":false,"template":"","format":"standard","meta":{"wpai_generated_summary":"","wpai_meta_description":"","footnotes":""},"categories":[129],"tags":[],"class_list":["post-18663","post","type-post","status-publish","format-standard","has-post-thumbnail","hentry","category-ayuntamiento-de-galdar"],"_links":{"self":[{"href":"https:\/\/nublo.tv\/index.php\/wp-json\/wp\/v2\/posts\/18663","targetHints":{"allow":["GET"]}}],"collection":[{"href":"https:\/\/nublo.tv\/index.php\/wp-json\/wp\/v2\/posts"}],"about":[{"href":"https:\/\/nublo.tv\/index.php\/wp-json\/wp\/v2\/types\/post"}],"author":[{"embeddable":true,"href":"https:\/\/nublo.tv\/index.php\/wp-json\/wp\/v2\/users\/1"}],"replies":[{"embeddable":true,"href":"https:\/\/nublo.tv\/index.php\/wp-json\/wp\/v2\/comments?post=18663"}],"version-history":[{"count":3,"href":"https:\/\/nublo.tv\/index.php\/wp-json\/wp\/v2\/posts\/18663\/revisions"}],"predecessor-version":[{"id":18686,"href":"https:\/\/nublo.tv\/index.php\/wp-json\/wp\/v2\/posts\/18663\/revisions\/18686"}],"wp:featuredmedia":[{"embeddable":true,"href":"https:\/\/nublo.tv\/index.php\/wp-json\/wp\/v2\/media\/18676"}],"wp:attachment":[{"href":"https:\/\/nublo.tv\/index.php\/wp-json\/wp\/v2\/media?parent=18663"}],"wp:term":[{"taxonomy":"category","embeddable":true,"href":"https:\/\/nublo.tv\/index.php\/wp-json\/wp\/v2\/categories?post=18663"},{"taxonomy":"post_tag","embeddable":true,"href":"https:\/\/nublo.tv\/index.php\/wp-json\/wp\/v2\/tags?post=18663"}],"curies":[{"name":"wp","href":"https:\/\/api.w.org\/{rel}","templated":true}]}}