{"id":18665,"date":"2026-08-31T13:33:55","date_gmt":"2026-08-31T12:33:55","guid":{"rendered":"https:\/\/nublo.tv\/?p=18665"},"modified":"2026-08-31T13:33:55","modified_gmt":"2026-08-31T12:33:55","slug":"la-aldea-de-san-nicolas-celebra-la-noche-de-rondas-y-serenatas-con-19-artistas-de-todas-las-islas","status":"publish","type":"post","link":"https:\/\/nublo.tv\/index.php\/2026\/08\/31\/la-aldea-de-san-nicolas-celebra-la-noche-de-rondas-y-serenatas-con-19-artistas-de-todas-las-islas\/","title":{"rendered":"La Aldea de San Nicol\u00e1s celebra la Noche de Rondas y Serenatas con 19 artistas de todas las islas"},"content":{"rendered":"<p><strong>La Aldea de San Nicol\u00e1s acogi\u00f3 el pasado s\u00e1bado la Noche de Rondas y Serenatas 2026, con 19 artistas del archipi\u00e9lago, en el marco de las Fiestas Patronales de San Nicol\u00e1s de Tolentino.<\/strong><\/p>\n<p>La actividad, coordinada por la Concejal\u00eda de Patrimonio Hist\u00f3rico \u2014dirigida por Ingrid Navarro\u2014, comenz\u00f3 a las 23:30 horas y recorri\u00f3 calles como Real, Mariano de C\u00e1ceres, Carmita Afonso y Cervantes.<\/p>\n<p>Incluy\u00f3 paradas de avituallamiento en el Centro Municipal de Cultura y en la trasera del Ayuntamiento, mientras los vecinos participaban desde sus casas, aplaudiendo y acompa\u00f1ando a los m\u00fasicos, con balcones, ventanas y azoteas iluminados con faroles.<\/p>\n<p>Entre los artistas figuraron m\u00fasicos de Lanzarote (Ciro Corujo, Orlando Niz, Salva P\u00e9rez, Israel L\u00f3pez y Juan Carlos Tabares), La Palma (Adelto Plasencia, Gustavo Romano y M\u00f3nica Gonz\u00e1lez), Fuerteventura (Ayla Rodr\u00edguez, Marey Mart\u00edn y Elena Cabrera), Tenerife (Carlos Garc\u00eda) y Gran Canaria (Iv\u00e1n Santana, Jos\u00e9 Miguel Mart\u00edn, Miguel Rodr\u00edguez, Sim\u00f3n Artiles, Ancor Su\u00e1rez, Christian P\u00e9rez y Paco Gonz\u00e1lez).<\/p>\n<p>La concejala Ingrid Navarro destac\u00f3 que \u00abfue una noche muy especial en la que comprobamos que las rondas y serenatas siguen teniendo un espacio en nuestras fiestas y en la memoria de nuestros vecinos y vecinas\u00bb.<\/p>\n<p>A\u00f1adi\u00f3 que \u00abse nos hicieron pocas las horas para cantar y disfrutar de un repertorio que todos conocemos y que nos permite reencontrarnos con nuestra cultura desde la m\u00fasica y la convivencia\u00bb.<\/p>\n<p>Navarro resalt\u00f3 que el evento \u00abconsigue sacar la m\u00fasica a nuestras calles y convertir a la ciudadan\u00eda en parte activa de la celebraci\u00f3n\u00bb, agradeciendo a los artistas y a los participantes desde sus hogares.<\/p>\n<p>Reconoci\u00f3 especialmente la labor de la Parranda Alisios y de Christian P\u00e9rez, subrayando que \u00aba\u00f1o tras a\u00f1o consiguen superarse y hacer que esta Noche de Rondas y Serenatas crezca tanto en participaci\u00f3n como en calidad y en ilusi\u00f3n\u00bb.<\/p>\n<p>El Ayuntamiento de La Aldea de San Nicol\u00e1s agradeci\u00f3 la participaci\u00f3n de todos los artistas, m\u00fasicos, colaboradores y vecinos que hicieron posible la Noche y la mantuvieron como tradici\u00f3n viva.<\/p>\n","protected":false},"excerpt":{"rendered":"<p>La Aldea de San Nicol\u00e1s vivi\u00f3 durante la madrugada del pasado s\u00e1bado una nueva edici\u00f3n de la Noche de Rondas y Serenatas, una de las propuestas incluidas en el programa&hellip;<\/p>\n","protected":false},"author":1,"featured_media":18678,"comment_status":"open","ping_status":"open","sticky":false,"template":"","format":"standard","meta":{"wpai_generated_summary":"","wpai_meta_description":"","footnotes":""},"categories":[131],"tags":[],"class_list":["post-18665","post","type-post","status-publish","format-standard","has-post-thumbnail","hentry","category-ayuntamiento-de-la-aldea-de-san-nicolas"],"_links":{"self":[{"href":"https:\/\/nublo.tv\/index.php\/wp-json\/wp\/v2\/posts\/18665","targetHints":{"allow":["GET"]}}],"collection":[{"href":"https:\/\/nublo.tv\/index.php\/wp-json\/wp\/v2\/posts"}],"about":[{"href":"https:\/\/nublo.tv\/index.php\/wp-json\/wp\/v2\/types\/post"}],"author":[{"embeddable":true,"href":"https:\/\/nublo.tv\/index.php\/wp-json\/wp\/v2\/users\/1"}],"replies":[{"embeddable":true,"href":"https:\/\/nublo.tv\/index.php\/wp-json\/wp\/v2\/comments?post=18665"}],"version-history":[{"count":3,"href":"https:\/\/nublo.tv\/index.php\/wp-json\/wp\/v2\/posts\/18665\/revisions"}],"predecessor-version":[{"id":18687,"href":"https:\/\/nublo.tv\/index.php\/wp-json\/wp\/v2\/posts\/18665\/revisions\/18687"}],"wp:featuredmedia":[{"embeddable":true,"href":"https:\/\/nublo.tv\/index.php\/wp-json\/wp\/v2\/media\/18678"}],"wp:attachment":[{"href":"https:\/\/nublo.tv\/index.php\/wp-json\/wp\/v2\/media?parent=18665"}],"wp:term":[{"taxonomy":"category","embeddable":true,"href":"https:\/\/nublo.tv\/index.php\/wp-json\/wp\/v2\/categories?post=18665"},{"taxonomy":"post_tag","embeddable":true,"href":"https:\/\/nublo.tv\/index.php\/wp-json\/wp\/v2\/tags?post=18665"}],"curies":[{"name":"wp","href":"https:\/\/api.w.org\/{rel}","templated":true}]}}