{"id":18667,"date":"2026-08-31T13:39:00","date_gmt":"2026-08-31T12:39:00","guid":{"rendered":"https:\/\/nublo.tv\/?p=18667"},"modified":"2026-08-31T13:39:00","modified_gmt":"2026-08-31T12:39:00","slug":"el-ayuntamiento-cierra-parque-aventura-tras-llevar-actividades-infantiles-a-seis-plazas-de-ciudad-alta","status":"publish","type":"post","link":"https:\/\/nublo.tv\/index.php\/2026\/08\/31\/el-ayuntamiento-cierra-parque-aventura-tras-llevar-actividades-infantiles-a-seis-plazas-de-ciudad-alta\/","title":{"rendered":"El Ayuntamiento cierra &#8216;Parque Aventura&#8217; tras llevar actividades infantiles a seis plazas de Ciudad Alta"},"content":{"rendered":"<p><strong>El Ayuntamiento de Las Palmas de Gran Canaria ha clausurado el programa &#8216;Parque Aventura&#8217; con una \u00faltima jornada en la Plaza Escultor Eduardo Gregorio (Las Chumberas), tras desarrollar actividades l\u00fadicas gratuitas en seis espacios p\u00fablicos del Distrito Ciudad Alta durante julio y agosto.<\/strong><\/p>\n<p>La iniciativa, impulsada por la Concejal\u00eda del Distrito Ciudad Alta, ofreci\u00f3 ocio para ni\u00f1os, ni\u00f1as y sus familias en plazas como la de la Unidad (Barrio Atl\u00e1ntico), Don Benito (Schamann), Mar\u00eda Madre de la Iglesia (Residencial Cruz de Piedra), la de la calle Le\u00f3n XIII (El Polvor\u00edn) y el Espacio Multideportivo de Las Torres.<\/p>\n<p>La concejala Betsaida Gonz\u00e1lez explic\u00f3 que el programa buscaba \u00abdinamizar los barrios durante el periodo estival y ofrecer alternativas de ocio accesibles para toda la ciudadan\u00eda, especialmente para la poblaci\u00f3n infantil y juvenil\u00bb.<\/p>\n<p>Las actividades, abiertas a todas las edades, se celebraron de 17:30 a 19:30 horas y promovieron el juego, la participaci\u00f3n y la convivencia vecinal.<\/p>\n","protected":false},"excerpt":{"rendered":"<p>El programa, impulsado por la Concejal\u00eda del Distrito Ciudad Alta, ha ofrecido durante julio y agosto actividades l\u00fadicas y de ocio para la poblaci\u00f3n infantil y sus familiasLas Palmas de&hellip;<\/p>\n","protected":false},"author":1,"featured_media":18693,"comment_status":"open","ping_status":"open","sticky":false,"template":"","format":"standard","meta":{"wpai_generated_summary":"","wpai_meta_description":"","footnotes":""},"categories":[132],"tags":[],"class_list":["post-18667","post","type-post","status-publish","format-standard","has-post-thumbnail","hentry","category-ayuntamiento-de-las-palmas-de-gran-canaria"],"_links":{"self":[{"href":"https:\/\/nublo.tv\/index.php\/wp-json\/wp\/v2\/posts\/18667","targetHints":{"allow":["GET"]}}],"collection":[{"href":"https:\/\/nublo.tv\/index.php\/wp-json\/wp\/v2\/posts"}],"about":[{"href":"https:\/\/nublo.tv\/index.php\/wp-json\/wp\/v2\/types\/post"}],"author":[{"embeddable":true,"href":"https:\/\/nublo.tv\/index.php\/wp-json\/wp\/v2\/users\/1"}],"replies":[{"embeddable":true,"href":"https:\/\/nublo.tv\/index.php\/wp-json\/wp\/v2\/comments?post=18667"}],"version-history":[{"count":5,"href":"https:\/\/nublo.tv\/index.php\/wp-json\/wp\/v2\/posts\/18667\/revisions"}],"predecessor-version":[{"id":18694,"href":"https:\/\/nublo.tv\/index.php\/wp-json\/wp\/v2\/posts\/18667\/revisions\/18694"}],"wp:featuredmedia":[{"embeddable":true,"href":"https:\/\/nublo.tv\/index.php\/wp-json\/wp\/v2\/media\/18693"}],"wp:attachment":[{"href":"https:\/\/nublo.tv\/index.php\/wp-json\/wp\/v2\/media?parent=18667"}],"wp:term":[{"taxonomy":"category","embeddable":true,"href":"https:\/\/nublo.tv\/index.php\/wp-json\/wp\/v2\/categories?post=18667"},{"taxonomy":"post_tag","embeddable":true,"href":"https:\/\/nublo.tv\/index.php\/wp-json\/wp\/v2\/tags?post=18667"}],"curies":[{"name":"wp","href":"https:\/\/api.w.org\/{rel}","templated":true}]}}