{"id":18669,"date":"2026-08-31T13:34:04","date_gmt":"2026-08-31T12:34:04","guid":{"rendered":"https:\/\/nublo.tv\/?p=18669"},"modified":"2026-08-31T13:34:04","modified_gmt":"2026-08-31T12:34:04","slug":"la-21a-conferencia-sdewes-reune-en-gran-canaria-a-mas-de-500-expertos-en-sostenibilidad","status":"publish","type":"post","link":"https:\/\/nublo.tv\/index.php\/2026\/08\/31\/la-21a-conferencia-sdewes-reune-en-gran-canaria-a-mas-de-500-expertos-en-sostenibilidad\/","title":{"rendered":"La 21\u00aa Conferencia SDEWES re\u00fane en Gran Canaria a m\u00e1s de 500 expertos en sostenibilidad"},"content":{"rendered":"<p><strong>Las Palmas de Gran Canaria acoge desde este lunes y hasta el 3 de septiembre la 21\u00aa Conferencia Internacional SDEWES, que por primera vez se celebra en Espa\u00f1a con m\u00e1s de 500 participantes y 20 universidades internacionales.<\/strong><\/p>\n<p>La alcaldesa de Las Palmas de Gran Canaria, Carolina Darias, inaugur\u00f3 el evento destacando la capacidad de la ciudad para organizar congresos de primer nivel. En el acto tambi\u00e9n intervinieron el rector de la ULPGC, Llu\u00eds Serra; la viceconsejera de Transici\u00f3n Ecol\u00f3gica del Gobierno de Canarias, Julieta Schallenberg; el consejero de Medio Ambiente del Cabildo, Ra\u00fal Garc\u00eda Brink; y el presidente del Comit\u00e9 Organizador en la ULPGC, Pedro Jes\u00fas Cabrera.<\/p>\n<p>El encuentro aborda retos en energ\u00eda, agua, medio ambiente y desarrollo sostenible, con participaci\u00f3n de representantes cient\u00edficos, pol\u00edticos y empresariales. Darias resalt\u00f3 que la celebraci\u00f3n de SDEWES en la ciudad refleja su potencial como sede de eventos internacionales y el papel clave de la ULPGC, especialmente sus ingenier\u00edas y equipos de investigaci\u00f3n.<\/p>\n<p>La alcaldesa subray\u00f3 la relevancia de los temas tratados para un territorio insular como Gran Canaria, donde la sostenibilidad se materializa en aspectos como la gesti\u00f3n del agua, la energ\u00eda o los residuos. Tambi\u00e9n defendi\u00f3 que la sostenibilidad debe integrarse en todas las pol\u00edticas p\u00fablicas, como recogen estrategias municipales como *Las Palmas M\u00e1s Que Bien* o *Las Palmas de Gran Canaria M\u00e1s Pr\u00f3xima, Cuidada y Sostenible*.<\/p>\n<p>Darias incidi\u00f3 en la dimensi\u00f3n social de la transici\u00f3n ecol\u00f3gica, se\u00f1alando que \u00abno habr\u00e1 una verdadera transici\u00f3n ecol\u00f3gica si sus costes recaen sobre quienes disponen de menos recursos\u00bb. Serra, por su parte, destac\u00f3 el trabajo de los grupos de investigaci\u00f3n de la ULPGC en sostenibilidad y confi\u00f3 en que el encuentro impulse soluciones para los retos de Canarias, convirtiendo al archipi\u00e9lago en un ejemplo para Europa.<\/p>\n","protected":false},"excerpt":{"rendered":"<p>La 21.\u00aa Conferencia Internacional SDEWES re\u00fane en Gran Canaria a m\u00e1s de 500 especialistas en energ\u00eda, agua, medio ambiente y desarrollo sostenible y se celebra por primera vez en Espa\u00f1aEl&hellip;<\/p>\n","protected":false},"author":1,"featured_media":18683,"comment_status":"open","ping_status":"open","sticky":false,"template":"","format":"standard","meta":{"wpai_generated_summary":"","wpai_meta_description":"","footnotes":""},"categories":[132],"tags":[],"class_list":["post-18669","post","type-post","status-publish","format-standard","has-post-thumbnail","hentry","category-ayuntamiento-de-las-palmas-de-gran-canaria"],"_links":{"self":[{"href":"https:\/\/nublo.tv\/index.php\/wp-json\/wp\/v2\/posts\/18669","targetHints":{"allow":["GET"]}}],"collection":[{"href":"https:\/\/nublo.tv\/index.php\/wp-json\/wp\/v2\/posts"}],"about":[{"href":"https:\/\/nublo.tv\/index.php\/wp-json\/wp\/v2\/types\/post"}],"author":[{"embeddable":true,"href":"https:\/\/nublo.tv\/index.php\/wp-json\/wp\/v2\/users\/1"}],"replies":[{"embeddable":true,"href":"https:\/\/nublo.tv\/index.php\/wp-json\/wp\/v2\/comments?post=18669"}],"version-history":[{"count":2,"href":"https:\/\/nublo.tv\/index.php\/wp-json\/wp\/v2\/posts\/18669\/revisions"}],"predecessor-version":[{"id":18689,"href":"https:\/\/nublo.tv\/index.php\/wp-json\/wp\/v2\/posts\/18669\/revisions\/18689"}],"wp:featuredmedia":[{"embeddable":true,"href":"https:\/\/nublo.tv\/index.php\/wp-json\/wp\/v2\/media\/18683"}],"wp:attachment":[{"href":"https:\/\/nublo.tv\/index.php\/wp-json\/wp\/v2\/media?parent=18669"}],"wp:term":[{"taxonomy":"category","embeddable":true,"href":"https:\/\/nublo.tv\/index.php\/wp-json\/wp\/v2\/categories?post=18669"},{"taxonomy":"post_tag","embeddable":true,"href":"https:\/\/nublo.tv\/index.php\/wp-json\/wp\/v2\/tags?post=18669"}],"curies":[{"name":"wp","href":"https:\/\/api.w.org\/{rel}","templated":true}]}}