{"id":18671,"date":"2026-08-31T13:34:00","date_gmt":"2026-08-31T12:34:00","guid":{"rendered":"https:\/\/nublo.tv\/?p=18671"},"modified":"2026-08-31T13:34:00","modified_gmt":"2026-08-31T12:34:00","slug":"temudas-abre-las-inscripciones-gratuitas-para-el-hospital-para-libros-del-festival-de-teatro-musica-y-danza","status":"publish","type":"post","link":"https:\/\/nublo.tv\/index.php\/2026\/08\/31\/temudas-abre-las-inscripciones-gratuitas-para-el-hospital-para-libros-del-festival-de-teatro-musica-y-danza\/","title":{"rendered":"TEMUDAS abre las inscripciones gratuitas para el &#8216;Hospital para libros&#8217; del Festival de Teatro, M\u00fasica y Danza"},"content":{"rendered":"<p><strong>Las Palmas de Gran Canaria, 1 de septiembre de 2026. El Festival TEMUDAS activa este martes las inscripciones gratuitas en lpacultura.com para asistir a \u00abDesiderata. El hospital para libros\u00bb, de la compa\u00f1\u00eda vasca Mama Crea, que se desarrollar\u00e1 del 18 al 20 de septiembre con aforo limitado a 60 personas por turno.<\/strong><\/p>\n<p>La obra, de teatro inmersivo, tendr\u00e1 pases el viernes 18 de 18:00 a 21:00 horas, el s\u00e1bado en turno de ma\u00f1ana y tarde, y el domingo por la ma\u00f1ana. El acceso ser\u00e1 libre en la mayor\u00eda de actividades del festival, pero esta propuesta requiere reserva previa por restricci\u00f3n de aforo.<\/p>\n<p>Adem\u00e1s, el festival ha anunciado que otras dos propuestas necesitan inscripci\u00f3n: \u00abCENADEFINDEA\u00d1O. Resonare\u00bb de Fabi\u00e1n Lomio, con registro a partir del 14 de septiembre en la misma web.<\/p>\n<p>Tres espect\u00e1culos del TEMUDAS tienen entradas a la venta: el inaugural \u00abAfanador\u00bb del Ballet Nacional de Espa\u00f1a (10 de septiembre en el Teatro P\u00e9rez Gald\u00f3s), el cierre con \u00abLa forza del destino\u00bb de la Orquesta Filarm\u00f3nica de Gran Canaria, y la coproducci\u00f3n \u00abLibert\u00e9, el despertar del ser\u00bb de la Compa\u00f1\u00eda Flamenca Roc\u00edo Pozo. Las entradas est\u00e1n disponibles en los canales de la Fundaci\u00f3n Auditorio y Teatro.<\/p>\n","protected":false},"excerpt":{"rendered":"<p>La asistencia al 30.\u00ba aniversario del Festival de Teatro, M\u00fasica y Danza de Las Palmas de Gran Canaria es gratuita en casi todos los casos, aunque dos propuestas precisan de&hellip;<\/p>\n","protected":false},"author":1,"featured_media":18681,"comment_status":"open","ping_status":"open","sticky":false,"template":"","format":"standard","meta":{"wpai_generated_summary":"","wpai_meta_description":"","footnotes":""},"categories":[132],"tags":[],"class_list":["post-18671","post","type-post","status-publish","format-standard","has-post-thumbnail","hentry","category-ayuntamiento-de-las-palmas-de-gran-canaria"],"_links":{"self":[{"href":"https:\/\/nublo.tv\/index.php\/wp-json\/wp\/v2\/posts\/18671","targetHints":{"allow":["GET"]}}],"collection":[{"href":"https:\/\/nublo.tv\/index.php\/wp-json\/wp\/v2\/posts"}],"about":[{"href":"https:\/\/nublo.tv\/index.php\/wp-json\/wp\/v2\/types\/post"}],"author":[{"embeddable":true,"href":"https:\/\/nublo.tv\/index.php\/wp-json\/wp\/v2\/users\/1"}],"replies":[{"embeddable":true,"href":"https:\/\/nublo.tv\/index.php\/wp-json\/wp\/v2\/comments?post=18671"}],"version-history":[{"count":2,"href":"https:\/\/nublo.tv\/index.php\/wp-json\/wp\/v2\/posts\/18671\/revisions"}],"predecessor-version":[{"id":18688,"href":"https:\/\/nublo.tv\/index.php\/wp-json\/wp\/v2\/posts\/18671\/revisions\/18688"}],"wp:featuredmedia":[{"embeddable":true,"href":"https:\/\/nublo.tv\/index.php\/wp-json\/wp\/v2\/media\/18681"}],"wp:attachment":[{"href":"https:\/\/nublo.tv\/index.php\/wp-json\/wp\/v2\/media?parent=18671"}],"wp:term":[{"taxonomy":"category","embeddable":true,"href":"https:\/\/nublo.tv\/index.php\/wp-json\/wp\/v2\/categories?post=18671"},{"taxonomy":"post_tag","embeddable":true,"href":"https:\/\/nublo.tv\/index.php\/wp-json\/wp\/v2\/tags?post=18671"}],"curies":[{"name":"wp","href":"https:\/\/api.w.org\/{rel}","templated":true}]}}