{"id":18695,"date":"2026-08-31T14:03:11","date_gmt":"2026-08-31T13:03:11","guid":{"rendered":"https:\/\/nublo.tv\/?p=18695"},"modified":"2026-08-31T14:03:11","modified_gmt":"2026-08-31T13:03:11","slug":"el-mercado-agricola-de-galdar-regresa-a-la-plaza-de-santiago-este-domingo-6-de-septiembre","status":"publish","type":"post","link":"https:\/\/nublo.tv\/index.php\/2026\/08\/31\/el-mercado-agricola-de-galdar-regresa-a-la-plaza-de-santiago-este-domingo-6-de-septiembre\/","title":{"rendered":"El Mercado Agr\u00edcola de G\u00e1ldar regresa a la Plaza de Santiago este domingo 6 de septiembre"},"content":{"rendered":"<p><strong>El Mercado Agr\u00edcola de G\u00e1ldar regresa a la Plaza de Santiago el domingo 6 de septiembre, con horario de 9:00 a 13:30 horas.<\/strong><\/p>\n<p>El mercado, que se hab\u00eda detenido durante el mes de agosto, vuelve a ser punto de encuentro entre productores y consumidores en el norte de Gran Canaria.<\/p>\n<p>La actividad est\u00e1 organizada por la Concejal\u00eda de Desarrollo Socioecon\u00f3mico del Ayuntamiento de G\u00e1ldar, liderada por Tine Mar\u00edn Ojeda, y la Asociaci\u00f3n de Mercados Agr\u00edcolas de Gran Canaria, con la colaboraci\u00f3n de la Consejer\u00eda de Sector Primario, Soberan\u00eda Alimentaria y Seguridad H\u00eddrica del Cabildo de Gran Canaria.<\/p>\n<p>Entre las novedades, los compradores podr\u00e1n participar en un sorteo de cestas con productos de la tierra y degustar preparaciones hechas por alumnos de los Programas de Formaci\u00f3n en Alternancia con el Empleo (PFAE) de Restauraci\u00f3n y Cocina, financiados por el Servicio Canario de Empleo y realizados en el Centro de Formaci\u00f3n Municipal.<\/p>\n<p>El mercado ofrece frutas y verduras de temporada, quesos, miel, pan, dulces y otras producciones artesanales de la isla, apoyando a la econom\u00eda local y a la cadena de productos de cercan\u00eda.<\/p>\n<p>Tras la edici\u00f3n del 6 de septiembre, se programan nuevas reuniones los d\u00edas 20 de septiembre y los 4 y 18 de octubre, manteniendo la periodicidad quincenal de domingo.<\/p>\n<p>Con su regreso, el Mercado Agr\u00edcola de G\u00e1ldar contin\u00faa brindando a vecinos y visitantes un espacio para apoyar a los productores locales y adquirir productos de calidad.<\/p>\n","protected":false},"excerpt":{"rendered":"<p>El Mercado Agr\u00edcola de G\u00e1ldar regresar\u00e1 el pr\u00f3ximo domingo 6 de septiembre a la Plaza de Santiago, en su horario habitual de 9:00 a 13:30 horas, despu\u00e9s del descanso durante&hellip;<\/p>\n","protected":false},"author":1,"featured_media":18700,"comment_status":"open","ping_status":"open","sticky":false,"template":"","format":"standard","meta":{"wpai_generated_summary":"","wpai_meta_description":"","footnotes":""},"categories":[129],"tags":[],"class_list":["post-18695","post","type-post","status-publish","format-standard","has-post-thumbnail","hentry","category-ayuntamiento-de-galdar"],"_links":{"self":[{"href":"https:\/\/nublo.tv\/index.php\/wp-json\/wp\/v2\/posts\/18695","targetHints":{"allow":["GET"]}}],"collection":[{"href":"https:\/\/nublo.tv\/index.php\/wp-json\/wp\/v2\/posts"}],"about":[{"href":"https:\/\/nublo.tv\/index.php\/wp-json\/wp\/v2\/types\/post"}],"author":[{"embeddable":true,"href":"https:\/\/nublo.tv\/index.php\/wp-json\/wp\/v2\/users\/1"}],"replies":[{"embeddable":true,"href":"https:\/\/nublo.tv\/index.php\/wp-json\/wp\/v2\/comments?post=18695"}],"version-history":[{"count":2,"href":"https:\/\/nublo.tv\/index.php\/wp-json\/wp\/v2\/posts\/18695\/revisions"}],"predecessor-version":[{"id":18699,"href":"https:\/\/nublo.tv\/index.php\/wp-json\/wp\/v2\/posts\/18695\/revisions\/18699"}],"wp:featuredmedia":[{"embeddable":true,"href":"https:\/\/nublo.tv\/index.php\/wp-json\/wp\/v2\/media\/18700"}],"wp:attachment":[{"href":"https:\/\/nublo.tv\/index.php\/wp-json\/wp\/v2\/media?parent=18695"}],"wp:term":[{"taxonomy":"category","embeddable":true,"href":"https:\/\/nublo.tv\/index.php\/wp-json\/wp\/v2\/categories?post=18695"},{"taxonomy":"post_tag","embeddable":true,"href":"https:\/\/nublo.tv\/index.php\/wp-json\/wp\/v2\/tags?post=18695"}],"curies":[{"name":"wp","href":"https:\/\/api.w.org\/{rel}","templated":true}]}}