{"id":18701,"date":"2026-08-31T14:23:35","date_gmt":"2026-08-31T13:23:35","guid":{"rendered":"https:\/\/nublo.tv\/?p=18701"},"modified":"2026-08-31T14:23:35","modified_gmt":"2026-08-31T13:23:35","slug":"teror-invita-oficialmente-al-gobierno-de-canarias-a-la-fiesta-del-pino-2026","status":"publish","type":"post","link":"https:\/\/nublo.tv\/index.php\/2026\/08\/31\/teror-invita-oficialmente-al-gobierno-de-canarias-a-la-fiesta-del-pino-2026\/","title":{"rendered":"Teror invita oficialmente al Gobierno de Canarias a la Fiesta del Pino 2026"},"content":{"rendered":"<p><strong>El alcalde de Teror, Jos\u00e9 Agust\u00edn Arencibia, junto al primer teniente de alcalde, Sergio Nuez, inici\u00f3 este lunes 31 de agosto la ronda de visitas institucionales para invitar a los actos de la Fiesta del Pino 2026, con especial \u00e9nfasis en el D\u00eda principal, el 8 de septiembre.<\/strong><\/p>\n<p>En la primera parada, mantuvieron un encuentro con el presidente del Gobierno de Canarias, Fernando Clavijo, quien asumir\u00e1 la representaci\u00f3n real el D\u00eda del Pino. Clavijo, acompa\u00f1ado por el consejero de Educaci\u00f3n, Poli Su\u00e1rez, confirm\u00f3 su asistencia a la festividad en honor a la Virgen del Pino.<\/p>\n<p><a href=\"https:\/\/teror.es\/wp-content\/uploads\/2026\/08\/31A_invitacion-Gobierno-Canarias1.jpeg\"><img decoding=\"async\" class=\"nublo-source-img-btn nublo-info-img\" title=\"Usar como portada\" src=\"https:\/\/teror.es\/wp-content\/uploads\/2026\/08\/31A_invitacion-Gobierno-Canarias1.jpeg\" data-postid=\"18701\" data-url=\"https:\/\/teror.es\/wp-content\/uploads\/2026\/08\/31A_invitacion-Gobierno-Canarias1.jpeg\" data-nublo-info-wired=\"1\" \/><\/a><\/p>\n<p>Este mi\u00e9rcoles 2 de septiembre, la comitiva municipal extender\u00e1 la invitaci\u00f3n al Ayuntamiento de Las Palmas de Gran Canaria, al Obispado de la Di\u00f3cesis de Canarias, al Mando de Canarias y a la Delegaci\u00f3n de Gobierno.<\/p>\n<p>Como es tradici\u00f3n, Arencibia entregar\u00e1 personalmente el programa de actos e invitar\u00e1 a los representantes a participar en los actos principales: la Romer\u00eda Ofrenda el 7 de septiembre y el acto oficial del D\u00eda del Pino el 8 de septiembre.<\/p>\n","protected":false},"excerpt":{"rendered":"<p>El alcalde de Teror, Jos\u00e9 Agust\u00edn Arencibia, junto al primer teniente de alcalde, Sergio Nuez, realizaron la tradicional visita institucional El alcalde de Teror, Jos\u00e9 Agust\u00edn Arencibia, acompa\u00f1ado del primer&hellip;<\/p>\n","protected":false},"author":1,"featured_media":18722,"comment_status":"open","ping_status":"open","sticky":false,"template":"","format":"standard","meta":{"wpai_generated_summary":"","wpai_meta_description":"","footnotes":""},"categories":[141],"tags":[],"class_list":["post-18701","post","type-post","status-publish","format-standard","has-post-thumbnail","hentry","category-ayuntamiento-de-teror"],"_links":{"self":[{"href":"https:\/\/nublo.tv\/index.php\/wp-json\/wp\/v2\/posts\/18701","targetHints":{"allow":["GET"]}}],"collection":[{"href":"https:\/\/nublo.tv\/index.php\/wp-json\/wp\/v2\/posts"}],"about":[{"href":"https:\/\/nublo.tv\/index.php\/wp-json\/wp\/v2\/types\/post"}],"author":[{"embeddable":true,"href":"https:\/\/nublo.tv\/index.php\/wp-json\/wp\/v2\/users\/1"}],"replies":[{"embeddable":true,"href":"https:\/\/nublo.tv\/index.php\/wp-json\/wp\/v2\/comments?post=18701"}],"version-history":[{"count":3,"href":"https:\/\/nublo.tv\/index.php\/wp-json\/wp\/v2\/posts\/18701\/revisions"}],"predecessor-version":[{"id":18721,"href":"https:\/\/nublo.tv\/index.php\/wp-json\/wp\/v2\/posts\/18701\/revisions\/18721"}],"wp:featuredmedia":[{"embeddable":true,"href":"https:\/\/nublo.tv\/index.php\/wp-json\/wp\/v2\/media\/18722"}],"wp:attachment":[{"href":"https:\/\/nublo.tv\/index.php\/wp-json\/wp\/v2\/media?parent=18701"}],"wp:term":[{"taxonomy":"category","embeddable":true,"href":"https:\/\/nublo.tv\/index.php\/wp-json\/wp\/v2\/categories?post=18701"},{"taxonomy":"post_tag","embeddable":true,"href":"https:\/\/nublo.tv\/index.php\/wp-json\/wp\/v2\/tags?post=18701"}],"curies":[{"name":"wp","href":"https:\/\/api.w.org\/{rel}","templated":true}]}}