{"id":18705,"date":"2026-08-31T14:19:17","date_gmt":"2026-08-31T13:19:17","guid":{"rendered":"https:\/\/nublo.tv\/?p=18705"},"modified":"2026-08-31T14:19:17","modified_gmt":"2026-08-31T13:19:17","slug":"la-bandera-del-pino-se-izara-este-martes-en-la-basilica-de-teror-con-actos-festivos","status":"publish","type":"post","link":"https:\/\/nublo.tv\/index.php\/2026\/08\/31\/la-bandera-del-pino-se-izara-este-martes-en-la-basilica-de-teror-con-actos-festivos\/","title":{"rendered":"La Bandera del Pino se izar\u00e1 este martes en la Bas\u00edlica de Teror con actos festivos"},"content":{"rendered":"<p><strong>La Bandera del Pino se izar\u00e1 este martes 1 de septiembre a las 12:00 horas en la Bas\u00edlica de Teror, con repique de campanas, pasacalles de papag\u00fcevos, m\u00fasica de \u2018Swing Goloso\u2019 y fuegos artificiales.<\/strong><\/p>\n<p>El acto marca el inicio de la festividad de la Virgen del Pino, uno de los eventos m\u00e1s populares del calendario religioso.<\/p>\n<p>La programaci\u00f3n de actos religiosos se extender\u00e1 del 5 al 20 de septiembre, incluyendo la Bajada y Subida de la Virgen al Camar\u00edn.<\/p>\n","protected":false},"excerpt":{"rendered":"<p>El acto estar\u00e1 animado con el repique de campanas, pasacalles de papag\u00fcevos, animaci\u00f3n con la m\u00fasica de \u2018Swing Goloso\u2019 y fuegos artificiales. \u00a0 El acto de la Subida de la&hellip;<\/p>\n","protected":false},"author":1,"featured_media":18714,"comment_status":"open","ping_status":"open","sticky":false,"template":"","format":"standard","meta":{"wpai_generated_summary":"","wpai_meta_description":"","footnotes":""},"categories":[141],"tags":[],"class_list":["post-18705","post","type-post","status-publish","format-standard","has-post-thumbnail","hentry","category-ayuntamiento-de-teror"],"_links":{"self":[{"href":"https:\/\/nublo.tv\/index.php\/wp-json\/wp\/v2\/posts\/18705","targetHints":{"allow":["GET"]}}],"collection":[{"href":"https:\/\/nublo.tv\/index.php\/wp-json\/wp\/v2\/posts"}],"about":[{"href":"https:\/\/nublo.tv\/index.php\/wp-json\/wp\/v2\/types\/post"}],"author":[{"embeddable":true,"href":"https:\/\/nublo.tv\/index.php\/wp-json\/wp\/v2\/users\/1"}],"replies":[{"embeddable":true,"href":"https:\/\/nublo.tv\/index.php\/wp-json\/wp\/v2\/comments?post=18705"}],"version-history":[{"count":2,"href":"https:\/\/nublo.tv\/index.php\/wp-json\/wp\/v2\/posts\/18705\/revisions"}],"predecessor-version":[{"id":18716,"href":"https:\/\/nublo.tv\/index.php\/wp-json\/wp\/v2\/posts\/18705\/revisions\/18716"}],"wp:featuredmedia":[{"embeddable":true,"href":"https:\/\/nublo.tv\/index.php\/wp-json\/wp\/v2\/media\/18714"}],"wp:attachment":[{"href":"https:\/\/nublo.tv\/index.php\/wp-json\/wp\/v2\/media?parent=18705"}],"wp:term":[{"taxonomy":"category","embeddable":true,"href":"https:\/\/nublo.tv\/index.php\/wp-json\/wp\/v2\/categories?post=18705"},{"taxonomy":"post_tag","embeddable":true,"href":"https:\/\/nublo.tv\/index.php\/wp-json\/wp\/v2\/tags?post=18705"}],"curies":[{"name":"wp","href":"https:\/\/api.w.org\/{rel}","templated":true}]}}