{"id":18707,"date":"2026-08-31T14:19:11","date_gmt":"2026-08-31T13:19:11","guid":{"rendered":"https:\/\/nublo.tv\/?p=18707"},"modified":"2026-08-31T14:19:11","modified_gmt":"2026-08-31T13:19:11","slug":"teror-activa-esta-semana-talleres-musica-y-juegos-para-ninos-en-el-marco-del-pino","status":"publish","type":"post","link":"https:\/\/nublo.tv\/index.php\/2026\/08\/31\/teror-activa-esta-semana-talleres-musica-y-juegos-para-ninos-en-el-marco-del-pino\/","title":{"rendered":"Teror activa esta semana talleres, m\u00fasica y juegos para ni\u00f1os en el marco del Pino"},"content":{"rendered":"<p><strong>Los ni\u00f1os de Teror tendr\u00e1n esta semana dos citas gratuitas con talleres, m\u00fasica y juegos: el martes 1 en la Plaza de Sintes y el jueves 3 en la Alameda P\u00edo XII, sin necesidad de inscripci\u00f3n previa.<\/strong><\/p>\n<p>El martes 1 de septiembre, de 17:00 a 20:00 horas, la Fiesta Familiar en la Plaza de Sintes incluir\u00e1 talleres de manualidades, juegos hinchables y la actuaci\u00f3n del grupo joven \u2018La Nueva Cantera\u2019 a las 18:00 horas.<\/p>\n<p>El jueves 3 de septiembre, de 17:30 a 19:30 horas, el Espacio de Juego Infantil en la Alameda P\u00edo XII, dise\u00f1ado por Priscilla Vela, ofrecer\u00e1 materiales para estimular la creatividad de los m\u00e1s peque\u00f1os.<\/p>\n<p>La Concejal\u00eda de Infancia y Juventud, dirigida por Mois\u00e9s Rodr\u00edguez, es la promotora de estas actividades dentro del programa del Pino.<\/p>\n<p><a href=\"https:\/\/teror.es\/wp-content\/uploads\/2026\/08\/31_CARTEL_3SEPT_OK.jpg\"><img loading=\"lazy\" decoding=\"async\" class=\"alignright size-vp_sm wp-image-99468\" src=\"https:\/\/teror.es\/wp-content\/uploads\/2026\/08\/31_CARTEL_3SEPT_OK-500x625.jpg\" alt=\"\" width=\"500\" height=\"625\" \/><\/a><\/p>\n","protected":false},"excerpt":{"rendered":"<p>Este martes 1 de septiembre tendr\u00e1 lugar la Fiesta familiar en la Plaza de Sintes, a las 17:00 h. El 3 de septiembre llega el Espacio de Juego Infantil a&hellip;<\/p>\n","protected":false},"author":1,"featured_media":18712,"comment_status":"open","ping_status":"open","sticky":false,"template":"","format":"standard","meta":{"wpai_generated_summary":"","wpai_meta_description":"","footnotes":""},"categories":[141],"tags":[],"class_list":["post-18707","post","type-post","status-publish","format-standard","has-post-thumbnail","hentry","category-ayuntamiento-de-teror"],"_links":{"self":[{"href":"https:\/\/nublo.tv\/index.php\/wp-json\/wp\/v2\/posts\/18707","targetHints":{"allow":["GET"]}}],"collection":[{"href":"https:\/\/nublo.tv\/index.php\/wp-json\/wp\/v2\/posts"}],"about":[{"href":"https:\/\/nublo.tv\/index.php\/wp-json\/wp\/v2\/types\/post"}],"author":[{"embeddable":true,"href":"https:\/\/nublo.tv\/index.php\/wp-json\/wp\/v2\/users\/1"}],"replies":[{"embeddable":true,"href":"https:\/\/nublo.tv\/index.php\/wp-json\/wp\/v2\/comments?post=18707"}],"version-history":[{"count":2,"href":"https:\/\/nublo.tv\/index.php\/wp-json\/wp\/v2\/posts\/18707\/revisions"}],"predecessor-version":[{"id":18715,"href":"https:\/\/nublo.tv\/index.php\/wp-json\/wp\/v2\/posts\/18707\/revisions\/18715"}],"wp:featuredmedia":[{"embeddable":true,"href":"https:\/\/nublo.tv\/index.php\/wp-json\/wp\/v2\/media\/18712"}],"wp:attachment":[{"href":"https:\/\/nublo.tv\/index.php\/wp-json\/wp\/v2\/media?parent=18707"}],"wp:term":[{"taxonomy":"category","embeddable":true,"href":"https:\/\/nublo.tv\/index.php\/wp-json\/wp\/v2\/categories?post=18707"},{"taxonomy":"post_tag","embeddable":true,"href":"https:\/\/nublo.tv\/index.php\/wp-json\/wp\/v2\/tags?post=18707"}],"curies":[{"name":"wp","href":"https:\/\/api.w.org\/{rel}","templated":true}]}}